{"id":4185,"date":"2021-03-19T05:04:39","date_gmt":"2021-03-19T09:04:39","guid":{"rendered":"http:\/\/jms.com.bo\/mediamonitor\/?p=4185"},"modified":"2021-03-19T05:04:39","modified_gmt":"2021-03-19T09:04:39","slug":"canciller-boliviano-dice-que-las-relaciones-con-estados-unidos-dependen-de-ese-gobierno","status":"publish","type":"post","link":"https:\/\/jms.com.bo\/mediamonitor\/2021\/03\/19\/canciller-boliviano-dice-que-las-relaciones-con-estados-unidos-dependen-de-ese-gobierno\/","title":{"rendered":"Canciller boliviano dice que las relaciones con Estados Unidos dependen de ese Gobierno"},"content":{"rendered":"<p style=\"text-align: justify;\">El Gobierno dej\u00f3 en manos de Estados Unidos la reconstituci\u00f3n de las relaciones diplom\u00e1ticas que quedaron deterioradas en septiembre de 2008 cuando el entonces presidente, Evo Morales, expuls\u00f3 al embajador Philip Goldberg; con un breve par\u00e9ntesis de noviembre de 2019 cuando el Gobierno de Jeanine \u00c1\u00f1ez nombr\u00f3 un embajador extraordinario.<\/p>\n<p style=\"text-align: justify;\">\u201cEstamos dispuestos a generar relaciones constructivas y positivas, creo que eso, como quien dir\u00eda, est\u00e1 m\u00e1s en la cancha de Estados Unidos que en la nuestra\u201d, dijo el canciller de Bolivia, Rogelio Mayta a P\u00e1gina 12 de Argentina.<\/p>\n<p style=\"text-align: justify;\">Desde la perspectiva del jefe de la diplomacia boliviana, las relaciones con la potencia del norte no tuvieron \u201cun cambio significativo\u201d en este tiempo y reiter\u00f3 que ellos aceptar\u00edan el restablecimiento de los v\u00ednculos, pero con las mismas condiciones que expresaba el gobierno de Morales.<\/p>\n<p style=\"text-align: justify;\">\u201cDe nuestra parte, manifestamos que queremos establecer relaciones constructivas y positivas con todos los pa\u00edses de la comunidad internacional, incluido Estados Unidos. Siempre bajo el respeto de la soberan\u00eda boliviana y estamos ah\u00ed, un poco con la mano abierta para estrechar lazos\u201d, a\u00f1adi\u00f3 Mayta.<\/p>\n<p style=\"text-align: justify;\">El gobierno de Jeanine \u00c1\u00f1ez intent\u00f3 retomar estos v\u00ednculos con la designaci\u00f3n de W\u00e1lter \u00d3scar Serrate, como \u201cembajador extraordinario con representaci\u00f3n plenipotenciario\u201d en noviembre de 2019, sin embargo, el gobierno de Donald Trump mantuvo al encargado de negocios de su pa\u00eds en Bolivia.<\/p>\n<p style=\"text-align: justify;\">En septiembre de 2008 el presidente Evo Morales declar\u00f3 persona no grata al entonces embajador, Philip Goldberg y dispuso su salida de pa\u00eds. Ese fue el principio de otras suspensiones. En noviembre de ese a\u00f1o decidi\u00f3 que la agencia antidrogas de EEUU deje el pa\u00eds. Luego en 2013, cinco a\u00f1os m\u00e1s tarde, le seguir\u00eda la agencia de cooperaci\u00f3n estadounidense, Usaid. En todos los casos Morales los acus\u00f3 de involucrarse en temas internos del pa\u00eds.<\/p>\n<p style=\"text-align: justify;\">El canciller boliviano record\u00f3 esos episodios y por eso dijo que retomar estas relaciones pasa a depender m\u00e1s de la voluntad de los Estados Unidos, \u201cporque tienen malos antecedentes, realizan injerencias pol\u00edticas, tratan de tener cierto grado de control sobre determinados aspectos de inter\u00e9s regional o de determinados pa\u00edses\u201d, dijo y a\u00f1adi\u00f3 que existen documentos desclasificados que prueban sus afirmaciones.<\/p>\n","protected":false},"excerpt":{"rendered":"<p>El Gobierno dej\u00f3 en manos de Estados Unidos la reconstituci\u00f3n de las relaciones diplom\u00e1ticas que quedaron deterioradas en septiembre de 2008 cuando el entonces presidente, Evo Morales, expuls\u00f3 al embajador Philip Goldberg; con un breve par\u00e9ntesis de noviembre de 2019 cuando el Gobierno de Jeanine \u00c1\u00f1ez nombr\u00f3 un embajador extraordinario. \u201cEstamos dispuestos a generar relaciones [&hellip;]<\/p>\n","protected":false},"author":4,"featured_media":4186,"comment_status":"open","ping_status":"open","sticky":false,"template":"","format":"standard","meta":{"footnotes":""},"categories":[18,48,46],"tags":[],"class_list":{"0":"post-4185","1":"post","2":"type-post","3":"status-publish","4":"format-standard","5":"has-post-thumbnail","7":"category-politica","8":"category-portada-general-sitio","9":"category-portada-politica"},"_links":{"self":[{"href":"https:\/\/jms.com.bo\/mediamonitor\/wp-json\/wp\/v2\/posts\/4185","targetHints":{"allow":["GET"]}}],"collection":[{"href":"https:\/\/jms.com.bo\/mediamonitor\/wp-json\/wp\/v2\/posts"}],"about":[{"href":"https:\/\/jms.com.bo\/mediamonitor\/wp-json\/wp\/v2\/types\/post"}],"author":[{"embeddable":true,"href":"https:\/\/jms.com.bo\/mediamonitor\/wp-json\/wp\/v2\/users\/4"}],"replies":[{"embeddable":true,"href":"https:\/\/jms.com.bo\/mediamonitor\/wp-json\/wp\/v2\/comments?post=4185"}],"version-history":[{"count":1,"href":"https:\/\/jms.com.bo\/mediamonitor\/wp-json\/wp\/v2\/posts\/4185\/revisions"}],"predecessor-version":[{"id":4187,"href":"https:\/\/jms.com.bo\/mediamonitor\/wp-json\/wp\/v2\/posts\/4185\/revisions\/4187"}],"wp:featuredmedia":[{"embeddable":true,"href":"https:\/\/jms.com.bo\/mediamonitor\/wp-json\/wp\/v2\/media\/4186"}],"wp:attachment":[{"href":"https:\/\/jms.com.bo\/mediamonitor\/wp-json\/wp\/v2\/media?parent=4185"}],"wp:term":[{"taxonomy":"category","embeddable":true,"href":"https:\/\/jms.com.bo\/mediamonitor\/wp-json\/wp\/v2\/categories?post=4185"},{"taxonomy":"post_tag","embeddable":true,"href":"https:\/\/jms.com.bo\/mediamonitor\/wp-json\/wp\/v2\/tags?post=4185"}],"curies":[{"name":"wp","href":"https:\/\/api.w.org\/{rel}","templated":true}]}}