{"id":4194,"date":"2021-03-19T05:11:22","date_gmt":"2021-03-19T09:11:22","guid":{"rendered":"http:\/\/jms.com.bo\/mediamonitor\/?p=4194"},"modified":"2021-03-19T05:11:22","modified_gmt":"2021-03-19T09:11:22","slug":"empresarios-plantean-agenda-de-reactivacion-a-futuras-autoridades","status":"publish","type":"post","link":"https:\/\/jms.com.bo\/mediamonitor\/2021\/03\/19\/empresarios-plantean-agenda-de-reactivacion-a-futuras-autoridades\/","title":{"rendered":"Empresarios plantean agenda de reactivaci\u00f3n a futuras autoridades"},"content":{"rendered":"<p style=\"text-align: justify;\">Para reactivar la econom\u00eda, la Federaci\u00f3n de Entidades Empresariales Privadas de Cochabamba (FEPC) plantea a las autoridades electas una agenda econ\u00f3mica con varios puntos destinados a generar empleo y apoyo a las empresas.<\/p>\n<p style=\"text-align: justify;\">La agenda econ\u00f3mica de la FEPC plantea la reactivaci\u00f3n de turismo, manejo de la pandemia, generaci\u00f3n de empleo, alivio tributario para las empresas, reactivaci\u00f3n de la hidrov\u00eda Ichilo-Mamor\u00e9, impulso al Parque Industrial Santiv\u00e1\u00f1ez, tratamiento de los residuos s\u00f3lidos y fortalecimiento de los sistemas de transporte y comunicaci\u00f3n.<\/p>\n<p style=\"text-align: justify;\">En ese sentido, ayer el presidente de la FEPC, Javier Bellott, visit\u00f3 el Parque Industrial con el gobernador electo de Cochabamba Humberto S\u00e1nchez.<\/p>\n<p style=\"text-align: justify;\">Los empresarios tambi\u00e9n tienen previsto reunirse con el alcalde electo de Cochabamba, Manfred Reyes Villa, y los de otros municipios.<\/p>\n<p style=\"text-align: justify;\">\u201cNecesitamos construir una agenda local, para que Cochabamba sea una regi\u00f3n de oportunidades se deben mejorar los niveles de coordinaci\u00f3n, hay que buscar la unidad de todas nuestras autoridades. Deben poner ante todo el bien com\u00fan, la reactivaci\u00f3n de la econom\u00eda y la generaci\u00f3n de empleos\u201d, dijo Bellott.<\/p>\n<p style=\"text-align: justify;\">Con el apoyo de la Gobernaci\u00f3n y las alcald\u00edas, la FEPC busca crear un sistemas de alerta temprana que permita identificar lo antes posible los conflictos sociales (protestas) para evitarlos.<\/p>\n<p style=\"text-align: justify;\">\u201cCon esto se puede impedir que haya manifestaciones, que perjudican las operaciones empresariales. El Gobernador pueda garantizar la articulaci\u00f3n con todos los actores\u201d, explic\u00f3 el presidente de la entidad.<\/p>\n<p style=\"text-align: justify;\">La FEPC tambi\u00e9n busca reunirse con el alcalde electo de Cochabamba para plantear soluciones al conflicto de la basura y pedir la facilitaci\u00f3n de tr\u00e1mites para las empresas en el municipio. \u201cEs muy complejo obtener licencias de funcionamiento, se deben facilitar esos tr\u00e1mites\u201d, dijo Bellott.<\/p>\n<p style=\"text-align: justify;\">Otro tema pendiente con la Alcald\u00eda es la de firmar un nuevo contrato de arrendamiento del Campo Ferial, para la realizaci\u00f3n de eventos feriales.<\/p>\n<p style=\"text-align: justify;\">El manejo de la pandemia, situaci\u00f3n del Parque Tunari, mejoramiento de los sistemas de transporte y comunicaci\u00f3n, generaci\u00f3n de empleos se tratar\u00e1 con la Gobernaci\u00f3n y alcaldes.<\/p>\n<p style=\"text-align: justify;\">Sanchez, por su parte, indic\u00f3 que trabajar\u00e1 de manera coordinada con los alcaldes y que convocar\u00e1 a una reuni\u00f3n despu\u00e9s de la posesi\u00f3n de las autoridades. \u201cA partir de ahora nos corresponde coordinar y planificar para que Cochabamba tome el impulso productivo, econ\u00f3mico y tambi\u00e9n tratar de tranquilizar a los sectores sociales, porque perjudica las movilizaciones\u201d, dijo.<\/p>\n<p style=\"text-align: justify;\">FEPC rechaza el incremento salarial<\/p>\n<p style=\"text-align: justify;\">El presidente de la FEPC, Javier Bellott, indic\u00f3 que la prioridad de las autoridades nacionales debe ser la generaci\u00f3n del empleo e indic\u00f3 que la aprobaci\u00f3n de un incremento salarial podr\u00eda causar lo contrario.<\/p>\n<p style=\"text-align: justify;\">\u201cNo podemos seguir en la l\u00f3gica de generar presi\u00f3n sobre los actores productivos, cuando tenemos que hacer que reflote la econom\u00eda con una acci\u00f3n conjunta\u201d, dijo.<\/p>\n<p style=\"text-align: justify;\">La COB ya plante\u00f3 un incremento de 15 por ciento este a\u00f1o. Bellott explic\u00f3, que ser\u00e1 dif\u00edcil tolerar un incremento salarial porque las empresas han reducido su capacidad productiva. \u201c\u00bfQu\u00e9 prefieren generar empleo o aumentar salario?\u201d.<\/p>\n","protected":false},"excerpt":{"rendered":"<p>Para reactivar la econom\u00eda, la Federaci\u00f3n de Entidades Empresariales Privadas de Cochabamba (FEPC) plantea a las autoridades electas una agenda econ\u00f3mica con varios puntos destinados a generar empleo y apoyo a las empresas. La agenda econ\u00f3mica de la FEPC plantea la reactivaci\u00f3n de turismo, manejo de la pandemia, generaci\u00f3n de empleo, alivio tributario para las [&hellip;]<\/p>\n","protected":false},"author":4,"featured_media":4195,"comment_status":"open","ping_status":"open","sticky":false,"template":"","format":"standard","meta":{"footnotes":""},"categories":[25],"tags":[],"class_list":{"0":"post-4194","1":"post","2":"type-post","3":"status-publish","4":"format-standard","5":"has-post-thumbnail","7":"category-economia"},"_links":{"self":[{"href":"https:\/\/jms.com.bo\/mediamonitor\/wp-json\/wp\/v2\/posts\/4194","targetHints":{"allow":["GET"]}}],"collection":[{"href":"https:\/\/jms.com.bo\/mediamonitor\/wp-json\/wp\/v2\/posts"}],"about":[{"href":"https:\/\/jms.com.bo\/mediamonitor\/wp-json\/wp\/v2\/types\/post"}],"author":[{"embeddable":true,"href":"https:\/\/jms.com.bo\/mediamonitor\/wp-json\/wp\/v2\/users\/4"}],"replies":[{"embeddable":true,"href":"https:\/\/jms.com.bo\/mediamonitor\/wp-json\/wp\/v2\/comments?post=4194"}],"version-history":[{"count":1,"href":"https:\/\/jms.com.bo\/mediamonitor\/wp-json\/wp\/v2\/posts\/4194\/revisions"}],"predecessor-version":[{"id":4196,"href":"https:\/\/jms.com.bo\/mediamonitor\/wp-json\/wp\/v2\/posts\/4194\/revisions\/4196"}],"wp:featuredmedia":[{"embeddable":true,"href":"https:\/\/jms.com.bo\/mediamonitor\/wp-json\/wp\/v2\/media\/4195"}],"wp:attachment":[{"href":"https:\/\/jms.com.bo\/mediamonitor\/wp-json\/wp\/v2\/media?parent=4194"}],"wp:term":[{"taxonomy":"category","embeddable":true,"href":"https:\/\/jms.com.bo\/mediamonitor\/wp-json\/wp\/v2\/categories?post=4194"},{"taxonomy":"post_tag","embeddable":true,"href":"https:\/\/jms.com.bo\/mediamonitor\/wp-json\/wp\/v2\/tags?post=4194"}],"curies":[{"name":"wp","href":"https:\/\/api.w.org\/{rel}","templated":true}]}}