{"id":4197,"date":"2021-03-19T05:14:03","date_gmt":"2021-03-19T09:14:03","guid":{"rendered":"http:\/\/jms.com.bo\/mediamonitor\/?p=4197"},"modified":"2021-03-19T05:14:03","modified_gmt":"2021-03-19T09:14:03","slug":"bolivia-proyecta-un-deficit-fiscal-del-97-para-2021-ingresando-a-su-octavo-ano-de-endeudamiento","status":"publish","type":"post","link":"https:\/\/jms.com.bo\/mediamonitor\/2021\/03\/19\/bolivia-proyecta-un-deficit-fiscal-del-97-para-2021-ingresando-a-su-octavo-ano-de-endeudamiento\/","title":{"rendered":"Bolivia proyecta un d\u00e9ficit fiscal del -9,7% para 2021, ingresando a su octavo a\u00f1o de endeudamiento"},"content":{"rendered":"<p style=\"text-align: justify;\">El Gobierno boliviano proyecta un d\u00e9ficit del sector p\u00fablico en 9,7% para la gesti\u00f3n 2021, seg\u00fan el Programa Fiscal Financiero, firmado hoy por el Ministerio de Econom\u00eda y Finanzas P\u00fablicas y el Banco Central de Bolivia (BCB). Adem\u00e1s, de un crecimiento del Producto Interno Bruto del 4,4%, una inflaci\u00f3n del 2,6% y la inversi\u00f3n p\u00fablica en $us 4.011 millones.<\/p>\n<p style=\"text-align: justify;\">As\u00ed, Bolivia ingresa a su octavo a\u00f1o de d\u00e9ficit fiscal. El desbalance se da desde 2014. El t\u00e9rmino d\u00e9ficit fiscal refleja el estado en que se encuentran las finanzas p\u00fablicas. Por el contrario, cuando la administraci\u00f3n p\u00fablica recauda m\u00e1s que sus necesidades, se dice que existe super\u00e1vit fiscal. Sin embargo, esto \u00faltimo, no es el caso de Bolivia.<\/p>\n<p style=\"text-align: justify;\">Edwin Rojas, presidente del Banco Central de Bolivia (BCB), dijo que con la firma del Programa Fiscal Financiero, la pol\u00edtica econ\u00f3mica retoma su rol de promotor del desarrollo para impulsar la industrializaci\u00f3n, sustituir importaciones, impulsar la actividad econ\u00f3mica y redistribuir los ingresos.<\/p>\n<p style=\"text-align: justify;\">\u00abEs bueno mencionar que en 2020, el Gobierno de transici\u00f3n firm\u00f3 dos veces el programa con metas inconsistentes e inalcanzables\u00bb, cuestion\u00f3.<br \/>\nAsimismo, critic\u00f3 que se priorice la reducci\u00f3n del d\u00e9ficit fiscal disminuyendo la inversi\u00f3n p\u00fablica y que opte por medidas que beneficiaron a grupos afines como la liberaci\u00f3n de las exportaciones poniendo en riesgo el abastecimiento interno. \u201cLa crisis se hond\u00f3 todav\u00eda m\u00e1s por la ineficiente gesti\u00f3n\u201d.<\/p>\n<p style=\"text-align: justify;\">Rojas sostuvo que en noviembre de 2020, el Gobierno de Arce retom\u00f3 el control de la econom\u00eda reorientando hacia el crecimiento del pa\u00eds y en esta gesti\u00f3n el Ministerio de Econom\u00eda y el BCB elaboraron el programa con las principales metas y proyecciones.<\/p>\n<p style=\"text-align: justify;\">La entidad emisora busca como objetivo principal garantizar los precios internos, preservando el valor de la moneda nacional, apoyar las pol\u00edticas del Gobierno, preservar el tipo de cambio, implementar medidas para generar liquidez en el sistema financiero, consolidar la bolivianizaci\u00f3n de la econom\u00eda, y preservar la estabilidad macroecon\u00f3mica.<\/p>\n<p style=\"text-align: justify;\">El BCB con la firma del programa da certidumbre a los diferentes agentes econ\u00f3micos de la econom\u00eda boliviana, seg\u00fan Rojas. Adem\u00e1s, insiste en que a trav\u00e9s de sus instrumentos busca trabajar de forma coordinada con el Gobierno nacional.<\/p>\n<p style=\"text-align: justify;\">A su turno, el ministro de Econom\u00eda y Finanzas P\u00fablicas, Marcelo Montenegro, resalt\u00f3 que hay una correlaci\u00f3n importante entre el crecimiento econ\u00f3mico y la inversi\u00f3n p\u00fablica, sumada al consumo dinamizan la econom\u00eda. \u00abObviamente, las exportaciones no se desprecian, pero el elemento principal es la inversi\u00f3n p\u00fablica\u00bb, dijo.<\/p>\n<p style=\"text-align: justify;\">A tiempo de presentar cuadros durante la conferencia de prensa, Montenegro expres\u00f3 que Bolivia, en 2020 registr\u00f3 uno de los bajones m\u00e1s importantes de la regi\u00f3n con un -11,1%. \u00abAs\u00ed, en la inversi\u00f3n p\u00fablica solo generaron $us 1.000 millones, cuando este Gobierno ya ha invertido desde noviembre, con datos de Planificacion de Desarrollo bordeamos los $us 1.000 millones, es decir, en cuatro meses llegamos a los niveles del a\u00f1o pasado\u00bb, enfatiz\u00f3, pero sin mencionar en ning\u00fan momento los efectos del confinamiento ni la paralizaci\u00f3n de actividades por Covid-19.<\/p>\n<p style=\"text-align: justify;\">Sobre el impulso a la demanda, dijo que se ha generado con el Bono contra el Hambre, beneficiando a m\u00e1s de cuatro millones de personas, incremento de rentas. En el lado de la oferta, el fideicomiso para sustituci\u00f3n de importaciones, reactivaci\u00f3n de empresas p\u00fablicas, el sistema de subasta electr\u00f3nica, reactivaci\u00f3n al sector productivo, reactivaci\u00f3n de cr\u00e9ditos en el sistema financiero.<\/p>\n<p style=\"text-align: justify;\">En este sentido, esperan que la inversi\u00f3n aumente de $us 1.784 millones en 2020 a $us 4.011 millones en la presente gesti\u00f3n y asegura que incrementaron el gasto en proyectos de reactivaci\u00f3n en 30% de $us 666 millones a $us 865 millones de noviembre de 2020 a febrero de 2021.<\/p>\n<p style=\"text-align: justify;\">Arce cuestion\u00f3 menor inversi\u00f3n p\u00fablica<\/p>\n<p style=\"text-align: justify;\">Luis Arce, presidente de Bolivia, dijo que desde 2006, suscriben entre el ministerio de Econom\u00eda y el BCB este documento que revela los indicadores macroecon\u00f3micos que ser\u00e1n el objetivo de trabajo para la gesti\u00f3n 2021.<\/p>\n<p style=\"text-align: justify;\">El primer mandatario otra vez se refiri\u00f3 al anterior Gobierno de Jeanine \u00c1\u00f1ez para indicar que firmaba acuerdos con el Fondo Monetario Internacional (FMI) a ocultas del pueblo.<\/p>\n<p style=\"text-align: justify;\">\u201cCuando mostraba un 11,1% de recesi\u00f3n econ\u00f3mica en la gesti\u00f3n pasada, pese a los esfuerzos que se hicieron desde octubre, porque estaba proscrita la inversi\u00f3n p\u00fablica. Adem\u00e1s, de un fomento a la inversi\u00f3n para sustituir importaciones\u201d, se\u00f1al\u00f3.<\/p>\n<p style=\"text-align: justify;\">En criterio de la primera autoridad del pa\u00eds trabajan para reconstruir la econom\u00eda. \u201cSe hicieron varias medidas, los indicadores son alentadores. Queda un largo camino por hacer, debemos lograr un 4,4% positivo en la gesti\u00f3n 2021, lo que significa levantar la econom\u00eda basada en el Estado con pol\u00edticas econ\u00f3micas que entierran la anterior gesti\u00f3n\u201d, precis\u00f3.<\/p>\n<p style=\"text-align: justify;\">Adem\u00e1s, destac\u00f3 la inflaci\u00f3n controlada en 2,6% y sostuvo que con una inversi\u00f3n de $us 4.100 millones se va a reducir el d\u00e9ficit fiscal al 9,7%. \u201cSe van a revertir las cifras, corregir los desequilibrios macroecon\u00f3micos, pero eso va a llevar tiempo, porque ten\u00edamos una econom\u00eda con mejores indicadores sociales\u201d, sostuvo.<\/p>\n<p style=\"text-align: justify;\">El Ejecutivo resalta que est\u00e1n marcando un cambio en la tendencia, aunque se tiene la sombra de una tercera ola del Covid-19 en Bolivia.<\/p>\n<p style=\"text-align: justify;\">\n","protected":false},"excerpt":{"rendered":"<p>El Gobierno boliviano proyecta un d\u00e9ficit del sector p\u00fablico en 9,7% para la gesti\u00f3n 2021, seg\u00fan el Programa Fiscal Financiero, firmado hoy por el Ministerio de Econom\u00eda y Finanzas P\u00fablicas y el Banco Central de Bolivia (BCB). Adem\u00e1s, de un crecimiento del Producto Interno Bruto del 4,4%, una inflaci\u00f3n del 2,6% y la inversi\u00f3n p\u00fablica [&hellip;]<\/p>\n","protected":false},"author":4,"featured_media":4198,"comment_status":"open","ping_status":"open","sticky":false,"template":"","format":"standard","meta":{"footnotes":""},"categories":[25,45,48],"tags":[],"class_list":{"0":"post-4197","1":"post","2":"type-post","3":"status-publish","4":"format-standard","5":"has-post-thumbnail","7":"category-economia","8":"category-portada-economia","9":"category-portada-general-sitio"},"_links":{"self":[{"href":"https:\/\/jms.com.bo\/mediamonitor\/wp-json\/wp\/v2\/posts\/4197","targetHints":{"allow":["GET"]}}],"collection":[{"href":"https:\/\/jms.com.bo\/mediamonitor\/wp-json\/wp\/v2\/posts"}],"about":[{"href":"https:\/\/jms.com.bo\/mediamonitor\/wp-json\/wp\/v2\/types\/post"}],"author":[{"embeddable":true,"href":"https:\/\/jms.com.bo\/mediamonitor\/wp-json\/wp\/v2\/users\/4"}],"replies":[{"embeddable":true,"href":"https:\/\/jms.com.bo\/mediamonitor\/wp-json\/wp\/v2\/comments?post=4197"}],"version-history":[{"count":1,"href":"https:\/\/jms.com.bo\/mediamonitor\/wp-json\/wp\/v2\/posts\/4197\/revisions"}],"predecessor-version":[{"id":4199,"href":"https:\/\/jms.com.bo\/mediamonitor\/wp-json\/wp\/v2\/posts\/4197\/revisions\/4199"}],"wp:featuredmedia":[{"embeddable":true,"href":"https:\/\/jms.com.bo\/mediamonitor\/wp-json\/wp\/v2\/media\/4198"}],"wp:attachment":[{"href":"https:\/\/jms.com.bo\/mediamonitor\/wp-json\/wp\/v2\/media?parent=4197"}],"wp:term":[{"taxonomy":"category","embeddable":true,"href":"https:\/\/jms.com.bo\/mediamonitor\/wp-json\/wp\/v2\/categories?post=4197"},{"taxonomy":"post_tag","embeddable":true,"href":"https:\/\/jms.com.bo\/mediamonitor\/wp-json\/wp\/v2\/tags?post=4197"}],"curies":[{"name":"wp","href":"https:\/\/api.w.org\/{rel}","templated":true}]}}