{"id":4200,"date":"2021-03-19T05:16:43","date_gmt":"2021-03-19T09:16:43","guid":{"rendered":"http:\/\/jms.com.bo\/mediamonitor\/?p=4200"},"modified":"2021-03-19T05:16:43","modified_gmt":"2021-03-19T09:16:43","slug":"audi-invertira-10-000-millones-en-movilidad-electrica-para-ofrecer-20-modelos-cero-emisiones-en-2025","status":"publish","type":"post","link":"https:\/\/jms.com.bo\/mediamonitor\/2021\/03\/19\/audi-invertira-10-000-millones-en-movilidad-electrica-para-ofrecer-20-modelos-cero-emisiones-en-2025\/","title":{"rendered":"Audi invertir\u00e1 10.000 millones en movilidad el\u00e9ctrica para ofrecer 20 modelos \u2018cero emisiones\u2019 en 2025"},"content":{"rendered":"<p style=\"text-align: justify;\">La firma automovil\u00edstica\u00a0Audi\u00a0invertir\u00e1 10.000 millones de euros en\u00a0movilidad el\u00e9ctrica\u00a0con el objetivo de ofrecer m\u00e1s de\u00a020 modelos\u00a0\u2018cero emisiones\u2019 en\u00a02025, seg\u00fan ha anunciado este jueves la empresa en el marco de su conferencia anual.<\/p>\n<p style=\"text-align: justify;\">Audi prev\u00e9 una\u00a0inversi\u00f3n total de 35.000 millones de euros\u00a0entre 2021 y 2025, de los cuales, \u00abcasi la mitad\u00bb, unos 17.000 millones de euros, ser\u00e1n destinados a tecnolog\u00edas futuras.<\/p>\n<p style=\"text-align: justify;\">En concreto, Audi gastar\u00e1 unos 10.000 millones en el \u00e1mbito de la movilidad el\u00e9ctrica, mientras que otros 5.000 millones de euros ser\u00e1n destinados al desarrollo de tecnolog\u00edas h\u00edbridas para sus modelos.<\/p>\n<p style=\"text-align: justify;\">Adem\u00e1s, la marca de los cuatro aros tambi\u00e9n pretende invertir unos 3.000 millones de euros en digitalizaci\u00f3n, seg\u00fan ha destacado su consejero delegado,\u00a0Markus Duesmann, en dicho evento celebrado \u2018online\u2019.<\/p>\n<p style=\"text-align: justify;\">Ya en este ejercicio, por primera vez, m\u00e1s de la mitad de los modelos que Audi lanzar\u00e1 al mercado ser\u00e1n electrificados. Esto ya comenz\u00f3 en febrero con el estreno del Audi\u00a0e-tron GT, el primer veh\u00edculo de la marca 100% el\u00e9ctrico fabricado en Alemania.<\/p>\n<p style=\"text-align: justify;\">Por todo ello, Audi planea ofrecer m\u00e1s de 20 modelos \u2018cero emisiones\u2019 para 2025, adem\u00e1s de que buscar\u00e1 expandir de forma \u00absignificativa\u00bb su cartera de autom\u00f3viles\u00a0h\u00edbridos enchufables.<\/p>\n<p style=\"text-align: justify;\">Preguntada sobre si Audi planea el lanzamiento de un nuevo A1 el\u00e9ctrico producido en Martorell (Barcelona), la marca ha se\u00f1alado que todav\u00eda es \u00abmuy temprano\u00bb para hablar de ello, ya que el modelo tiene a penas dos a\u00f1os de antig\u00fcedad. Sin embargo, ha indicado que este modelo tiene potencial y una \u00abbuena\u00bb demanda.<\/p>\n<p style=\"text-align: justify;\">Por otro lado, la firma del grupo Volkswagen ha reivindicado que en la implementaci\u00f3n de la hoja de ruta el\u00e9ctrica, el mercado chino juega un \u00abpapel decisivo\u00bb y a partir de 2024 producir\u00e1 en el \u2018Gigante asi\u00e1tico\u2019 modelos basados en la plataforma el\u00e9ctrica premium (PPE) desarrollada junto con\u00a0Porsche.<\/p>\n<p style=\"text-align: justify;\">\u00abEspecialmente en el segmento premium, vemos un potencial m\u00e1s enorme en China y, por lo tanto, fortaleceremos a\u00fan m\u00e1s nuestra cartera de productos all\u00ed\u00bb, ha indicado Duesmann, que ha explicado que para finales de este a\u00f1o se producir\u00e1n en China hasta 12 modelos Audi junto con su socio local FAW.<\/p>\n<p style=\"text-align: justify;\">En otro orden de cosas, la compa\u00f1\u00eda ha destacado la importancia de la nueva empresa Car.Software fundada por el grupo Volkswagen, que est\u00e1 desarrollando una arquitectura electr\u00f3nica unificada y un sistema operativo para los veh\u00edculos de todas las marcas del consorcio alem\u00e1n. Ser\u00e1 a finales de 2024 cuando esta plataforma de software se estrenar\u00e1 en el primer modelo de Audi basado en el Proyecto Artemis.<\/p>\n","protected":false},"excerpt":{"rendered":"<p>La firma automovil\u00edstica\u00a0Audi\u00a0invertir\u00e1 10.000 millones de euros en\u00a0movilidad el\u00e9ctrica\u00a0con el objetivo de ofrecer m\u00e1s de\u00a020 modelos\u00a0\u2018cero emisiones\u2019 en\u00a02025, seg\u00fan ha anunciado este jueves la empresa en el marco de su conferencia anual. Audi prev\u00e9 una\u00a0inversi\u00f3n total de 35.000 millones de euros\u00a0entre 2021 y 2025, de los cuales, \u00abcasi la mitad\u00bb, unos 17.000 millones de euros, [&hellip;]<\/p>\n","protected":false},"author":4,"featured_media":4201,"comment_status":"open","ping_status":"open","sticky":false,"template":"","format":"standard","meta":{"footnotes":""},"categories":[39],"tags":[],"class_list":{"0":"post-4200","1":"post","2":"type-post","3":"status-publish","4":"format-standard","5":"has-post-thumbnail","7":"category-energia"},"_links":{"self":[{"href":"https:\/\/jms.com.bo\/mediamonitor\/wp-json\/wp\/v2\/posts\/4200","targetHints":{"allow":["GET"]}}],"collection":[{"href":"https:\/\/jms.com.bo\/mediamonitor\/wp-json\/wp\/v2\/posts"}],"about":[{"href":"https:\/\/jms.com.bo\/mediamonitor\/wp-json\/wp\/v2\/types\/post"}],"author":[{"embeddable":true,"href":"https:\/\/jms.com.bo\/mediamonitor\/wp-json\/wp\/v2\/users\/4"}],"replies":[{"embeddable":true,"href":"https:\/\/jms.com.bo\/mediamonitor\/wp-json\/wp\/v2\/comments?post=4200"}],"version-history":[{"count":1,"href":"https:\/\/jms.com.bo\/mediamonitor\/wp-json\/wp\/v2\/posts\/4200\/revisions"}],"predecessor-version":[{"id":4202,"href":"https:\/\/jms.com.bo\/mediamonitor\/wp-json\/wp\/v2\/posts\/4200\/revisions\/4202"}],"wp:featuredmedia":[{"embeddable":true,"href":"https:\/\/jms.com.bo\/mediamonitor\/wp-json\/wp\/v2\/media\/4201"}],"wp:attachment":[{"href":"https:\/\/jms.com.bo\/mediamonitor\/wp-json\/wp\/v2\/media?parent=4200"}],"wp:term":[{"taxonomy":"category","embeddable":true,"href":"https:\/\/jms.com.bo\/mediamonitor\/wp-json\/wp\/v2\/categories?post=4200"},{"taxonomy":"post_tag","embeddable":true,"href":"https:\/\/jms.com.bo\/mediamonitor\/wp-json\/wp\/v2\/tags?post=4200"}],"curies":[{"name":"wp","href":"https:\/\/api.w.org\/{rel}","templated":true}]}}