{"id":42797,"date":"2023-01-31T04:28:59","date_gmt":"2023-01-31T08:28:59","guid":{"rendered":"https:\/\/jms.com.bo\/mediamonitor\/2023\/01\/27\/el-desempleo-baja-pero-con-salarios-que-no-llegan-al-minimo-nacional\/"},"modified":"2023-01-31T04:29:57","modified_gmt":"2023-01-31T08:29:57","slug":"el-desempleo-baja-pero-con-salarios-que-no-llegan-al-minimo-nacional-2","status":"publish","type":"post","link":"https:\/\/jms.com.bo\/mediamonitor\/2023\/01\/31\/el-desempleo-baja-pero-con-salarios-que-no-llegan-al-minimo-nacional-2\/","title":{"rendered":"El desempleo baja, pero con salarios que no llegan al m\u00ednimo nacional"},"content":{"rendered":"<div>\n<p style=\"text-align: justify;\"><strong>Resignado y<\/strong>\u00a0<strong>cabizbajo,\u00a0<\/strong>Cristian Soliz de 30 a\u00f1os espera la llegada de alg\u00fan trabajo ocasional cerca de las diferentes agencias de empleo de la calle Monse\u00f1or Salvatierra (Santa Cruz). Esta semana, este antiguo panadero experto en la elaboraci\u00f3n de salte\u00f1as consigui\u00f3 solo un puesto de ayudante de alba\u00f1il, al que renunci\u00f3 porque la\u00a0<strong>paga era meno<\/strong>r a la prometida.<\/p>\n<\/div>\n<div style=\"text-align: justify;\">\n<p>\u201cTe quieren pagar lo que les da la gana, me ofrecieron Bs 100 por d\u00eda, pero despu\u00e9s solo me quer\u00edan<strong>\u00a0pagar Bs 80<\/strong>\u201d, cuenta.<\/p>\n<\/div>\n<div style=\"text-align: justify;\">\n<p>No es el \u00fanico en esta situaci\u00f3n, a su lado varias personas esperan la llegada de\u00a0<strong>alg\u00fan trabajo\u00a0<\/strong>para paliar el hambre, pagar deudas y alimentar a sus familias.<\/p>\n<\/div>\n<div style=\"text-align: justify;\">\n<p>Cristian no siempre estuvo en la calle busc\u00e1ndoselas, antes de cubrir sus manos con el cemento y llenarse de ampollas, estas daban formas a cientos de salte\u00f1as que preparaba en un peque\u00f1o\u00a0<strong>negocio familiar<\/strong>\u00a0de los tantos que\u00a0<strong>cerraron\u00a0<\/strong>en los \u00faltimos a\u00f1os, ya sea por la<strong>\u00a0crisis<\/strong>\u00a0o por los\u00a0<strong>conflictos sociales.<\/strong><\/p>\n<\/div>\n<div style=\"text-align: justify;\">\n<p>\u201cEl\u00a0<strong>paro de los 36 d\u00edas nos mat\u00f3<\/strong>, no hab\u00eda venta y me retiraron del trabajo\u201d, cuenta. A su lado, Bruno Jaime Barrionuevo de 51 a\u00f1os espera m\u00e1s calmado. \u00c9l, a diferencia de Cristian, siempre trabaj\u00f3 por su cuenta. En la universidad de la vida aprendi\u00f3 los oficios de plomero, alba\u00f1il, electricista y soldador.<\/p>\n<\/div>\n<div style=\"text-align: justify;\">\n<p>\u201cSiempre\u00a0<strong>trabaj\u00e9 independiente.\u00a0<\/strong>As\u00ed gan\u00f3 m\u00e1s a veces agarro varios contratos\u201d, explica.<\/p>\n<\/div>\n<div style=\"text-align: justify;\">\n<p>Ambos coinciden en que \u201ctodo est\u00e1 en silencio\u201d y que el\u00a0<strong>poco trabajo<\/strong>\u00a0que hay es mal pagado.<\/p>\n<\/div>\n<div style=\"text-align: justify;\">\n<p>Lo que ofrece el mercado para alg\u00fan maestro alba\u00f1il, plomero o electricista es de\u00a0<strong>Bs 150 por d\u00eda y Bs 100\u00a0<\/strong>para el puesto de ayudante.<\/p>\n<\/div>\n<div style=\"text-align: justify;\">\n<p>En las\u00a0<strong>agencias de empleo<\/strong>\u00a0la oferta salarial va desde los<strong>\u00a0Bs 1.300<\/strong>\u00a0hasta m\u00e1ximo\u00a0<strong>Bs 1.800 mensuales<\/strong>. Generalmente son puestos de empleadas dom\u00e9sticas o para atender alg\u00fan tipo de tienda en los mercados.<\/p>\n<\/div>\n<div style=\"text-align: justify;\">\n<p>En<strong>\u00a0Bolivia\u00a0<\/strong>el<strong>\u00a0Salario M\u00ednimo Nacional es de Bs 2.250\u00a0<\/strong>mensuales, lo que equivale a $us 323,2. No obstante, en las calles pensar en tener un ingres\u00f3 as\u00ed es casi una quimera. \u201cAqu\u00ed casi nadie pague el m\u00ednimo. Eso es muy dif\u00edcil, peor en las agencias de empleo\u201d, dice Cristian, que tras ser enga\u00f1ado en una de estas agencias prefiri\u00f3 ofrecer su mano de obra para cualquier oficio que aparezca.<\/p>\n<\/div>\n<div style=\"text-align: justify;\">\n<p><strong>\u00a0Las cifras oficiales<\/strong><\/p>\n<\/div>\n<div style=\"text-align: justify;\">\n<p>Mientras esto paso en las calles, el\u00a0<strong>Gobierno\u00a0<\/strong>asegura que la situaci\u00f3n es diferente. Recientemente el Ministerio de Econom\u00eda y Finanzas inform\u00f3 que la\u00a0<strong>tasa de desempleo lleg\u00f3 a 4,2%\u00a0<\/strong>durante el tercer trimestre de 2022, con una reducci\u00f3n de 2,1 puntos porcentuales respecto a 2021.<\/p>\n<\/div>\n<div style=\"text-align: justify;\">\n<p>Desde esta cartera de Estado resaltaron que la tasa es la\u00a0<strong>m\u00e1s baja\u00a0<\/strong>de\u00a0<strong>Sudam\u00e9rica.<\/strong>\u00a0\u201cBolivia es el primer pa\u00eds con la tasa de desocupaci\u00f3n m\u00e1s baja de la regi\u00f3n por segundo a\u00f1o consecutivo\u201d, resalta un titular de la agencia ABI.<\/p>\n<\/div>\n<div style=\"text-align: justify;\">\n<p>En el reporte del medio estatal, destacan que\u00a0<strong>Bolivia\u00a0<\/strong><strong>super\u00f3<\/strong>\u00a0a la mayor\u00eda de los pa\u00edses de la regi\u00f3n en este indicador. En segundo lugar, est\u00e1\u00a0<strong>Ecuador, con 5,1%<\/strong>. Con una desocupaci\u00f3n reducida pero a\u00fan alta, est\u00e1n Paraguay con 6,8%, Argentina con 7,1%, Per\u00fa con 7,7% y Uruguay con 7,7%.<\/p>\n<\/div>\n<div style=\"text-align: justify;\">\n<p>En declaraciones a para ABI, el ministro de Planificaci\u00f3n del Desarrollo, Sergio Cusicanqui, explic\u00f3 que la tasa de desocupaci\u00f3n del 4,2% de Bolivia \u201cratifica el proceso de reconstrucci\u00f3n de la econom\u00eda boliviana\u201d.<\/p>\n<\/div>\n<div style=\"text-align: justify;\">\n<p>Sin embargo, el exdirector de la Fundaci\u00f3n Milenio,\u00a0<strong>Napole\u00f3n Pacheco\u00a0<\/strong>cuestion\u00f3 la\u00a0<strong>metodolog\u00eda<\/strong>\u00a0que se emplea para calcular la tasa de desempleo.<\/p>\n<\/div>\n<div style=\"text-align: justify;\">\n<p>Expuso que el sondeo no contempla la\u00a0<strong>calidad del trabajo\u00a0<\/strong>y solo se limita preguntar si los encuestados han trabajado en las \u00faltimas dos semanas.<\/p>\n<\/div>\n<div style=\"text-align: justify;\">\n<p>El economista, dijo que si bien la tasa es baja no refleja la i<strong>nformalidad<\/strong>\u00a0y la\u00a0<strong>precariedad labora<\/strong>l en el que trabaja la poblaci\u00f3n econ\u00f3micamente activa.<\/p>\n<\/div>\n<div>\n<p style=\"text-align: justify;\">Datos del Centro de Estudios para el Desarrollo Laboral y Agrario (Cedla) advierten que tras la pandemia la<strong>\u00a0informalidad se agudiz\u00f3<\/strong>\u00a0y que seis de cada 10 trabajadores ganan menos que el salario m\u00ednimo nacional.<\/p>\n<\/div>\n","protected":false},"excerpt":{"rendered":"<p>Resignado y\u00a0cabizbajo,\u00a0Cristian Soliz de 30 a\u00f1os espera la llegada de alg\u00fan trabajo ocasional cerca de las diferentes agencias de empleo de la calle Monse\u00f1or Salvatierra (Santa Cruz). Esta semana, este antiguo panadero experto en la elaboraci\u00f3n de salte\u00f1as consigui\u00f3 solo un puesto de ayudante de alba\u00f1il, al que renunci\u00f3 porque la\u00a0paga era menor a la [&hellip;]<\/p>\n","protected":false},"author":1,"featured_media":43020,"comment_status":"open","ping_status":"open","sticky":false,"template":"","format":"standard","meta":{"footnotes":""},"categories":[25],"tags":[],"class_list":{"0":"post-42797","1":"post","2":"type-post","3":"status-publish","4":"format-standard","5":"has-post-thumbnail","7":"category-economia"},"_links":{"self":[{"href":"https:\/\/jms.com.bo\/mediamonitor\/wp-json\/wp\/v2\/posts\/42797","targetHints":{"allow":["GET"]}}],"collection":[{"href":"https:\/\/jms.com.bo\/mediamonitor\/wp-json\/wp\/v2\/posts"}],"about":[{"href":"https:\/\/jms.com.bo\/mediamonitor\/wp-json\/wp\/v2\/types\/post"}],"author":[{"embeddable":true,"href":"https:\/\/jms.com.bo\/mediamonitor\/wp-json\/wp\/v2\/users\/1"}],"replies":[{"embeddable":true,"href":"https:\/\/jms.com.bo\/mediamonitor\/wp-json\/wp\/v2\/comments?post=42797"}],"version-history":[{"count":1,"href":"https:\/\/jms.com.bo\/mediamonitor\/wp-json\/wp\/v2\/posts\/42797\/revisions"}],"predecessor-version":[{"id":43019,"href":"https:\/\/jms.com.bo\/mediamonitor\/wp-json\/wp\/v2\/posts\/42797\/revisions\/43019"}],"wp:featuredmedia":[{"embeddable":true,"href":"https:\/\/jms.com.bo\/mediamonitor\/wp-json\/wp\/v2\/media\/43020"}],"wp:attachment":[{"href":"https:\/\/jms.com.bo\/mediamonitor\/wp-json\/wp\/v2\/media?parent=42797"}],"wp:term":[{"taxonomy":"category","embeddable":true,"href":"https:\/\/jms.com.bo\/mediamonitor\/wp-json\/wp\/v2\/categories?post=42797"},{"taxonomy":"post_tag","embeddable":true,"href":"https:\/\/jms.com.bo\/mediamonitor\/wp-json\/wp\/v2\/tags?post=42797"}],"curies":[{"name":"wp","href":"https:\/\/api.w.org\/{rel}","templated":true}]}}