{"id":42902,"date":"2023-01-30T07:10:41","date_gmt":"2023-01-30T11:10:41","guid":{"rendered":"https:\/\/jms.com.bo\/mediamonitor\/2023\/01\/30\/la-camara-de-industria-y-comercio-de-cochabamba-estima-en-us-1-500-millones-la-afectacion-por-bloqueos-en-peru\/"},"modified":"2023-01-30T07:10:41","modified_gmt":"2023-01-30T11:10:41","slug":"la-camara-de-industria-y-comercio-de-cochabamba-estima-en-us-1-500-millones-la-afectacion-por-bloqueos-en-peru","status":"publish","type":"post","link":"https:\/\/jms.com.bo\/mediamonitor\/2023\/01\/30\/la-camara-de-industria-y-comercio-de-cochabamba-estima-en-us-1-500-millones-la-afectacion-por-bloqueos-en-peru\/","title":{"rendered":"La C\u00e1mara de Industria y Comercio de Cochabamba estima en $us 1.500 millones la afectaci\u00f3n por bloqueos en Per\u00fa"},"content":{"rendered":"<p style=\"text-align: justify;\">La C\u00e1mara de Industria, Comercio y Servicios (ICAM) de Cochabamba estima que el conflicto social en Per\u00fa ha provocado una afectaci\u00f3n de $us 1.500 millones en todo el comercio boliviano.<\/p>\n<p style=\"text-align: justify;\">Juan Carlos Viscarra, presidente de la ICAM, dijo que el sector empresarial est\u00e1 en vilo y espera una pronta soluci\u00f3n al conflicto.<\/p>\n<p style=\"text-align: justify;\">\u201cEstamos muy preocupados por lo que est\u00e1 sucediendo en Per\u00fa, son m\u00e1s de 1.500 millones de d\u00f3lares de afectaci\u00f3n a la fecha\u201d, dijo en radio Fides.<\/p>\n<p style=\"text-align: justify;\">Viscarra asegur\u00f3 que hay m\u00e1s de 600 camiones con mercader\u00eda de exportaci\u00f3n e importaci\u00f3n varados en la frontera con Per\u00fa.<\/p>\n<p style=\"text-align: justify;\">\u201cNo podemos m\u00e1s que solicitarle al Gobierno. mediante Canciller\u00eda. que vea la forma m\u00e1s pr\u00e1ctica y oportuna de poder coadyuvar\u201d, acot\u00f3.<\/p>\n<p style=\"text-align: justify;\">Seg\u00fan el empresario, todo el sector comercial est\u00e1 afectado, muchos mercados est\u00e1n en riesgo y varios contratos se est\u00e1n incumpliendo producto del bloqueo.<\/p>\n<p style=\"text-align: justify;\">\u201cLos sectores m\u00e1s afectados son especialmente de abastecimiento, de provisi\u00f3n, cumplimiento con contratos, todos los sectores, no se est\u00e1n cumpliendo con los acuerdos\u201d, remarc\u00f3.<\/p>\n<p style=\"text-align: justify;\">Hace un par de d\u00edas, la C\u00e1mara Nacional de Industrias cuantific\u00f3 en $us 160 millones las p\u00e9rdidas producto de los bloqueos en la frontera con Per\u00fa.<\/p>\n<p style=\"text-align: justify;\">Varados en la frontera con Per\u00fa<br \/>\nEste viernes, el Gobierno envi\u00f3 alimentos y brigadas m\u00e9dicas para ayudar a los transportistas bolivianos varados en el Desaguadero.<\/p>\n<p style=\"text-align: justify;\">El Ministerio de Obras P\u00fablicas, Servicios y Vivienda, Edgar Monta\u00f1o, inform\u00f3 que se est\u00e1 enviando 600 cajas de raciones de alimentos secos, agua y una brigada de m\u00e9dicos.<\/p>\n<p style=\"text-align: justify;\">La autoridad explic\u00f3 que se trata de 600 cajas, en las que se env\u00eda raciones de az\u00facar, arroz, leche en polvo, cereales, mates, adem\u00e1s de agua.<\/p>\n<p style=\"text-align: justify;\">Asimismo, el ministro aclar\u00f3 que la colaboraci\u00f3n llegar\u00e1 a los transportistas que se encuentran varados en el lado boliviano.<\/p>\n<p style=\"text-align: justify;\">\u201cNo estamos llegando al lado peruano, para que no se entienda mal ni se tergiverse la informaci\u00f3n\u201d, aclar\u00f3.<\/p>\n<p style=\"text-align: justify;\">El presidente de la Confederaci\u00f3n Nacional de Choferes de Bolivia, Lucio G\u00f3mez, dijo que la situaci\u00f3n de sus compa\u00f1eros es dram\u00e1tica.<\/p>\n<p style=\"text-align: justify;\">Llevan semanas padeciendo hambre y fr\u00edo.<\/p>\n<p style=\"text-align: justify;\">Tampoco cuentan con servicios higi\u00e9nicos y no pueden alejarse para no dejar solos sus veh\u00edculos.<\/p>\n<p style=\"text-align: justify;\">Desde diciembre del a\u00f1o pasado, en Per\u00fa estall\u00f3 un conflicto social tras la destituci\u00f3n del expresidente Pedro Castillo, acusado de intentar un \u201cautogolpe\u201d.<\/p>\n<p style=\"text-align: justify;\">La entonces vicepresidenta, Dina Boluarte, asumi\u00f3 el mando de ese pa\u00eds y se iniciaron las movilizaciones y bloqueos, que piden su renuncia y que convoque a elecciones.<\/p>\n<p style=\"text-align: justify;\">\n","protected":false},"excerpt":{"rendered":"<p>La C\u00e1mara de Industria, Comercio y Servicios (ICAM) de Cochabamba estima que el conflicto social en Per\u00fa ha provocado una afectaci\u00f3n de $us 1.500 millones en todo el comercio boliviano. Juan Carlos Viscarra, presidente de la ICAM, dijo que el sector empresarial est\u00e1 en vilo y espera una pronta soluci\u00f3n al conflicto. \u201cEstamos muy preocupados [&hellip;]<\/p>\n","protected":false},"author":4,"featured_media":42903,"comment_status":"open","ping_status":"open","sticky":false,"template":"","format":"standard","meta":{"footnotes":""},"categories":[49],"tags":[],"class_list":{"0":"post-42902","1":"post","2":"type-post","3":"status-publish","4":"format-standard","5":"has-post-thumbnail","7":"category-social"},"_links":{"self":[{"href":"https:\/\/jms.com.bo\/mediamonitor\/wp-json\/wp\/v2\/posts\/42902","targetHints":{"allow":["GET"]}}],"collection":[{"href":"https:\/\/jms.com.bo\/mediamonitor\/wp-json\/wp\/v2\/posts"}],"about":[{"href":"https:\/\/jms.com.bo\/mediamonitor\/wp-json\/wp\/v2\/types\/post"}],"author":[{"embeddable":true,"href":"https:\/\/jms.com.bo\/mediamonitor\/wp-json\/wp\/v2\/users\/4"}],"replies":[{"embeddable":true,"href":"https:\/\/jms.com.bo\/mediamonitor\/wp-json\/wp\/v2\/comments?post=42902"}],"version-history":[{"count":0,"href":"https:\/\/jms.com.bo\/mediamonitor\/wp-json\/wp\/v2\/posts\/42902\/revisions"}],"wp:featuredmedia":[{"embeddable":true,"href":"https:\/\/jms.com.bo\/mediamonitor\/wp-json\/wp\/v2\/media\/42903"}],"wp:attachment":[{"href":"https:\/\/jms.com.bo\/mediamonitor\/wp-json\/wp\/v2\/media?parent=42902"}],"wp:term":[{"taxonomy":"category","embeddable":true,"href":"https:\/\/jms.com.bo\/mediamonitor\/wp-json\/wp\/v2\/categories?post=42902"},{"taxonomy":"post_tag","embeddable":true,"href":"https:\/\/jms.com.bo\/mediamonitor\/wp-json\/wp\/v2\/tags?post=42902"}],"curies":[{"name":"wp","href":"https:\/\/api.w.org\/{rel}","templated":true}]}}