{"id":42904,"date":"2023-01-30T07:12:27","date_gmt":"2023-01-30T11:12:27","guid":{"rendered":"https:\/\/jms.com.bo\/mediamonitor\/2023\/01\/30\/inician-desconexion-de-redes-2g-y-3g-por-evolucion-tecnologica\/"},"modified":"2023-01-30T07:12:27","modified_gmt":"2023-01-30T11:12:27","slug":"inician-desconexion-de-redes-2g-y-3g-por-evolucion-tecnologica","status":"publish","type":"post","link":"https:\/\/jms.com.bo\/mediamonitor\/2023\/01\/30\/inician-desconexion-de-redes-2g-y-3g-por-evolucion-tecnologica\/","title":{"rendered":"Inician desconexi\u00f3n de redes 2G y 3G por evoluci\u00f3n tecnol\u00f3gica"},"content":{"rendered":"<p style=\"text-align: justify;\">El apagado de las redes inal\u00e1mbricas 2G y 3G para servicios m\u00f3viles, consiste en la desconexi\u00f3n de estas tecnolog\u00edas m\u00e1s antiguas que van cayendo en desuso por la evoluci\u00f3n tecnol\u00f3gica, es un proceso que ya est\u00e1 en marcha en varios pa\u00edses del mundo, y paralelamente va de la mano de la implementaci\u00f3n 5G.<br \/>\nA nivel global, varios pa\u00edses comenzaron la desconexi\u00f3n de redes 2G y 3G, reemplazadas con tecnolog\u00edas m\u00e1s avanzadas y eficientes. En Am\u00e9rica Latina, el acercamiento a esta propuesta es dispar, pero la madurez de 4G comienza a generar las condiciones para concretarla.<\/p>\n<p style=\"text-align: justify;\">Esa decisi\u00f3n estrat\u00e9gica de los operadores responde a varias razones, entre las que se encuentran aspectos de costos, consumo de energ\u00eda, eficiencia en la administraci\u00f3n de infraestructura, y aprovechamiento de las frecuencias del espectro radioel\u00e9ctrico. El proceso no es nuevo, dado que el sector de telecomunicaciones ya lo atraves\u00f3 tambi\u00e9n con las redes de telefon\u00eda celular anal\u00f3gicas o de primera generaci\u00f3n, all\u00ed donde las hubo.<\/p>\n<p style=\"text-align: justify;\">En lo que respecta a la 2G y la 3G, varios operadores de servicios m\u00f3viles en el mundo han comenzado este proceso, con diversos enfoques. En algunos pa\u00edses, el apagado de las redes ha comenzado por la tecnolog\u00eda m\u00e1s antigua, la 2G. Sin embargo, existen mercados donde a\u00fan se observa una relativamente alta utilizaci\u00f3n de estas redes para aplicaciones m\u00e1quina a m\u00e1quina (M2M) o de Internet de las Cosas (IoT). Y al mismo tiempo, el uso de 3G \u201ccuyo atractivo principal era la conectividad de datos\u201d ha sido sustituido por completo, o casi, por la alternativa superadora en este rubro de 4G. En dichos mercados, el apagado se ha encarado entonces por la 3G.<\/p>\n<p style=\"text-align: justify;\">Entre los factores a tener en cuenta al momento de planificar la desconexi\u00f3n de una red, resaltan especialmente dos: la cobertura y la migraci\u00f3n de usuarios. Antes de pensar en quitar de circulaci\u00f3n una tecnolog\u00eda determinada, es preciso que exista una alternativa para la continuidad del servicio, para lo cual se requiere de cobertura geogr\u00e1fica con una nueva tecnolog\u00eda, que los usuarios del servicio cuenten con un dispositivo o terminal apto para conectarse a la nueva red. Ambos aspectos suelen darse progresivamente con la maduraci\u00f3n o masificaci\u00f3n de las nuevas tecnolog\u00edas, un proceso que suele demorar algunos a\u00f1os.<\/p>\n<p style=\"text-align: justify;\">En Am\u00e9rica Latina, varios pa\u00edses se est\u00e1n aproximando en estos apartados a la madurez necesaria para avanzar con el apagado de las redes. Brasil, por ejemplo, en junio de este a\u00f1o lleg\u00f3 muy cerca de cubrir sus 5.570 municipios con redes 4G. Muy probablemente en los pr\u00f3ximos meses alcance la cobertura total del territorio bajo esta tecnolog\u00eda.<br \/>\nEn Chile, mientras tanto, las conexiones m\u00f3viles 3G son menos de 2 millones, frente a un total de m\u00e1s de 20 millones de conexiones 4G, mientras que las de 2G son pr\u00e1cticamente inexistentes para la transmisi\u00f3n de datos. El punto de inflexi\u00f3n cuando 4G derroc\u00f3 a la 3G en Internet m\u00f3vil se dio a fines de 2016, a partir de all\u00ed, la ca\u00edda de la tercera generaci\u00f3n se mantuvo constante.<\/p>\n<p style=\"text-align: justify;\">Finalmente, en Ecuador el total de l\u00edneas celulares activas GSM (2G) se mantiene por debajo de los 2 millones en los \u00faltimos a\u00f1os, acompa\u00f1ada tambi\u00e9n de una reducci\u00f3n las conexiones UMTS y HSPA (3G), aunque en este mercado, 4G a\u00fan tiene bastante camino por recorrer para sustituir a sus antecesoras por completo.<\/p>\n","protected":false},"excerpt":{"rendered":"<p>El apagado de las redes inal\u00e1mbricas 2G y 3G para servicios m\u00f3viles, consiste en la desconexi\u00f3n de estas tecnolog\u00edas m\u00e1s antiguas que van cayendo en desuso por la evoluci\u00f3n tecnol\u00f3gica, es un proceso que ya est\u00e1 en marcha en varios pa\u00edses del mundo, y paralelamente va de la mano de la implementaci\u00f3n 5G. A nivel [&hellip;]<\/p>\n","protected":false},"author":4,"featured_media":42905,"comment_status":"open","ping_status":"open","sticky":false,"template":"","format":"standard","meta":{"footnotes":""},"categories":[20],"tags":[],"class_list":{"0":"post-42904","1":"post","2":"type-post","3":"status-publish","4":"format-standard","5":"has-post-thumbnail","7":"category-actualidad"},"_links":{"self":[{"href":"https:\/\/jms.com.bo\/mediamonitor\/wp-json\/wp\/v2\/posts\/42904","targetHints":{"allow":["GET"]}}],"collection":[{"href":"https:\/\/jms.com.bo\/mediamonitor\/wp-json\/wp\/v2\/posts"}],"about":[{"href":"https:\/\/jms.com.bo\/mediamonitor\/wp-json\/wp\/v2\/types\/post"}],"author":[{"embeddable":true,"href":"https:\/\/jms.com.bo\/mediamonitor\/wp-json\/wp\/v2\/users\/4"}],"replies":[{"embeddable":true,"href":"https:\/\/jms.com.bo\/mediamonitor\/wp-json\/wp\/v2\/comments?post=42904"}],"version-history":[{"count":0,"href":"https:\/\/jms.com.bo\/mediamonitor\/wp-json\/wp\/v2\/posts\/42904\/revisions"}],"wp:featuredmedia":[{"embeddable":true,"href":"https:\/\/jms.com.bo\/mediamonitor\/wp-json\/wp\/v2\/media\/42905"}],"wp:attachment":[{"href":"https:\/\/jms.com.bo\/mediamonitor\/wp-json\/wp\/v2\/media?parent=42904"}],"wp:term":[{"taxonomy":"category","embeddable":true,"href":"https:\/\/jms.com.bo\/mediamonitor\/wp-json\/wp\/v2\/categories?post=42904"},{"taxonomy":"post_tag","embeddable":true,"href":"https:\/\/jms.com.bo\/mediamonitor\/wp-json\/wp\/v2\/tags?post=42904"}],"curies":[{"name":"wp","href":"https:\/\/api.w.org\/{rel}","templated":true}]}}