{"id":42908,"date":"2023-01-30T07:15:33","date_gmt":"2023-01-30T11:15:33","guid":{"rendered":"https:\/\/jms.com.bo\/mediamonitor\/2023\/01\/30\/la-emergencia-sanitaria-animal-sera-por-120-dias-segun-el-senasag\/"},"modified":"2023-01-30T07:15:33","modified_gmt":"2023-01-30T11:15:33","slug":"la-emergencia-sanitaria-animal-sera-por-120-dias-segun-el-senasag","status":"publish","type":"post","link":"https:\/\/jms.com.bo\/mediamonitor\/2023\/01\/30\/la-emergencia-sanitaria-animal-sera-por-120-dias-segun-el-senasag\/","title":{"rendered":"La emergencia sanitaria animal ser\u00e1 por 120 d\u00edas, seg\u00fan el Senasag"},"content":{"rendered":"<p style=\"text-align: justify;\">Con el objetivo de controlar la influenza o gripe aviar H5N1 que broto en los municipios cochabambinos de Sacaba y Quillacollo, Javier Su\u00e1rez, director nacional del Servicio Nacional de Sanidad Agropecuaria e Inocuidad Alimentaria (Senasag), inform\u00f3 que se ha establecido en primera instancia una emergencia zoosanitaria por 120 d\u00edas, situaci\u00f3n que puede ser disminuida o alargada de acuerdo a la situaci\u00f3n epidemiol\u00f3gica.<\/p>\n<p style=\"text-align: justify;\">Su\u00e1rez record\u00f3 que se han desplegado m\u00e1s de 18 brigadas, para su control y posterior eliminaci\u00f3n del virus (H5N1) presente en los focos de infecci\u00f3n del municipio de Sacaba y Quillacollo.<\/p>\n<p style=\"text-align: justify;\">El titular del Senasag pidi\u00f3 a los productores av\u00edcolas notificar la mortandad inusual de sus aves, para poder realizar la atenci\u00f3n oportuna, confirmar o descartar la presencia del virus.<\/p>\n<p style=\"text-align: justify;\">\u201cA los criadores de aves de traspatio tambi\u00e9n notificar oportunamente al Senasag en caso de presentarse sintomatolog\u00eda nerviosa, respiratoria y mortandad de sus aves de corral\u201d, exhort\u00f3.<\/p>\n<p style=\"text-align: justify;\">De la misma manera, pidi\u00f3 a los cazadores, pescadores y vivientes de \u00e1reas boscosas o zonas rurales h\u00famedas donde se asientan aves migratorias, no tocar a las que presenten s\u00edntomas de la enfermedad y notificar al Senasag, esto con el prop\u00f3sito de erradicar la enfermedad en el territorio boliviano.<\/p>\n<p style=\"text-align: justify;\">Preocupaci\u00f3n<\/p>\n<p style=\"text-align: justify;\">Productores av\u00edcolas medianos y peque\u00f1os de Cochabamba, en contacto con EL DEBER, se mostraron preocupados por la situaci\u00f3n que afecta al departamento.<\/p>\n<p style=\"text-align: justify;\">Sobre las medidas de seguridad impuestas por el Senasaga esperan que sean efectivas y evite contagio de la enfermedad a otras regiones del pa\u00eds.<\/p>\n<p style=\"text-align: justify;\">Sobre las p\u00e9rdidas econ\u00f3micas por la matanza de m\u00e1s de 142.000 aves, los av\u00edcolas consideran que si bien ahora est\u00e1n registrando un da\u00f1o econ\u00f3mico, prefieren que sea as\u00ed y no que por callar la enfermedad se propague y se vuelva una pandemia.<\/p>\n<p style=\"text-align: justify;\">\u201cVamos a cumplir con todas las disposiciones del Senasag. Queremos volver cuanto antes la normalidad necesitamos vender y generar ingresos para nuestras familias\u201d dijo un productor que pidi\u00f3 la reserva de su nombre.<\/p>\n","protected":false},"excerpt":{"rendered":"<p>Con el objetivo de controlar la influenza o gripe aviar H5N1 que broto en los municipios cochabambinos de Sacaba y Quillacollo, Javier Su\u00e1rez, director nacional del Servicio Nacional de Sanidad Agropecuaria e Inocuidad Alimentaria (Senasag), inform\u00f3 que se ha establecido en primera instancia una emergencia zoosanitaria por 120 d\u00edas, situaci\u00f3n que puede ser disminuida o [&hellip;]<\/p>\n","protected":false},"author":4,"featured_media":42909,"comment_status":"open","ping_status":"open","sticky":false,"template":"","format":"standard","meta":{"footnotes":""},"categories":[20,47,48],"tags":[],"class_list":{"0":"post-42908","1":"post","2":"type-post","3":"status-publish","4":"format-standard","5":"has-post-thumbnail","7":"category-actualidad","8":"category-portada-actualidad","9":"category-portada-general-sitio"},"_links":{"self":[{"href":"https:\/\/jms.com.bo\/mediamonitor\/wp-json\/wp\/v2\/posts\/42908","targetHints":{"allow":["GET"]}}],"collection":[{"href":"https:\/\/jms.com.bo\/mediamonitor\/wp-json\/wp\/v2\/posts"}],"about":[{"href":"https:\/\/jms.com.bo\/mediamonitor\/wp-json\/wp\/v2\/types\/post"}],"author":[{"embeddable":true,"href":"https:\/\/jms.com.bo\/mediamonitor\/wp-json\/wp\/v2\/users\/4"}],"replies":[{"embeddable":true,"href":"https:\/\/jms.com.bo\/mediamonitor\/wp-json\/wp\/v2\/comments?post=42908"}],"version-history":[{"count":0,"href":"https:\/\/jms.com.bo\/mediamonitor\/wp-json\/wp\/v2\/posts\/42908\/revisions"}],"wp:featuredmedia":[{"embeddable":true,"href":"https:\/\/jms.com.bo\/mediamonitor\/wp-json\/wp\/v2\/media\/42909"}],"wp:attachment":[{"href":"https:\/\/jms.com.bo\/mediamonitor\/wp-json\/wp\/v2\/media?parent=42908"}],"wp:term":[{"taxonomy":"category","embeddable":true,"href":"https:\/\/jms.com.bo\/mediamonitor\/wp-json\/wp\/v2\/categories?post=42908"},{"taxonomy":"post_tag","embeddable":true,"href":"https:\/\/jms.com.bo\/mediamonitor\/wp-json\/wp\/v2\/tags?post=42908"}],"curies":[{"name":"wp","href":"https:\/\/api.w.org\/{rel}","templated":true}]}}