{"id":42910,"date":"2023-01-30T07:17:03","date_gmt":"2023-01-30T11:17:03","guid":{"rendered":"https:\/\/jms.com.bo\/mediamonitor\/2023\/01\/30\/hay-un-soporte-legal-para-revocar-a-arce-y-ven-posible-beneficio-para-evo\/"},"modified":"2023-01-30T07:17:03","modified_gmt":"2023-01-30T11:17:03","slug":"hay-un-soporte-legal-para-revocar-a-arce-y-ven-posible-beneficio-para-evo","status":"publish","type":"post","link":"https:\/\/jms.com.bo\/mediamonitor\/2023\/01\/30\/hay-un-soporte-legal-para-revocar-a-arce-y-ven-posible-beneficio-para-evo\/","title":{"rendered":"Hay un soporte legal para revocar a Arce y ven posible beneficio para Evo"},"content":{"rendered":"<p style=\"text-align: justify;\">La vara es m\u00e1s alta y los plazos apretados. La solicitud formal para revocar el mandato del presidente requiere de casi dos millones de firmas o el 25% del padr\u00f3n nacional, seg\u00fan el Art\u00edculo 26 de la Ley 026 de R\u00e9gimen Electoral.<\/p>\n<p style=\"text-align: justify;\">El porcentaje es superior al 20% requerido, por ejemplo, para la iniciativa popular que ahora busca la reforma del sistema judicial a trav\u00e9s de un refer\u00e9ndum y un ajuste parcial de la Carta Magna.<\/p>\n<p style=\"text-align: justify;\">El constitucionalista Paul Antonio Coca hizo notar esta diferencia al momento de detallar el soporte legal del revocatorio de mandato. Mencion\u00f3 la vigencia de cuatro art\u00edculos de la Constituci\u00f3n Pol\u00edtica del Estado (CPE), adem\u00e1s de la Ley 026 que le da viabilidad. \u201cEs legal y democr\u00e1tico\u201d, apunt\u00f3.<\/p>\n<p style=\"text-align: justify;\">La constataci\u00f3n est\u00e1 vinculada con las decisiones del cabildo del 25 de enero, cuando se demand\u00f3 al Gobierno aprobar \u201cuna ley de amnist\u00eda para todos los presos pol\u00edticos\u201d en menos de 30 d\u00edas; vencido este plazo, se activar\u00e1n los mecanismos legales para revocar el mandato del presidente Luis Arce, quien gan\u00f3 los comicios de 2020 con el 55,11% de los votos.<\/p>\n<p style=\"text-align: justify;\">El movimiento c\u00edvico contabiliz\u00f3 unos 180 detenidos por motivaciones pol\u00edticas durante la administraci\u00f3n de Arce. Entre ellos, la expresidenta Jeanine A\u00f1ez, el exl\u00edder c\u00edvico potosino Marco Antonio Pumari y el gobernador cruce\u00f1o, Luis Fernando Camacho, quien est\u00e1 recluido desde el 30 de diciembre del a\u00f1o pasado en Chonchocoro.<\/p>\n<p style=\"text-align: justify;\">\u201cNo hay intento golpista ni de desestabilizaci\u00f3n. La revocatoria de mandato es un mecanismo democr\u00e1tico y constitucional\u201d, apunt\u00f3 Coca sobre las reacciones que salieron desde Gobierno de Arce.<\/p>\n<p style=\"text-align: justify;\">\u201cLo que nos est\u00e1n pidiendo es que violentemos la Constituci\u00f3n Pol\u00edtica del Estado, el comite\u00edsmo (lo comit\u00e9s c\u00edvicos) ha desatado una guerra contra la Constituci\u00f3n. Ah\u00ed el mayor incordio, para ellos, es la figura del presidente Luis Arce que no les ha permitido que puedan vulnerar la Constituci\u00f3n\u201d, dijo el portavoz de la Presidencia, Jorge Richter, quien rechazo aceptar un \u201cindulto\u201d en el caso que las autoridades judiciales y del Gobierno llaman \u201cgolpe de Estado\u201d.<\/p>\n<p style=\"text-align: justify;\">La amnist\u00eda propuesta tiene que ver con los procesos legales derivados de las pesquisas que realizo el Grupo Interdisciplinario de Expertos Independientes (GIEI) sobre \u201clas graves violaciones a los derechos humanos\u201d que se cometieron en el contexto de la crisis pol\u00edtica de 2019, cuando fallecieron 37 personas, 20 de ellas en las masacres de Senkata y Sacaba, mientras que tambi\u00e9n hubo decesos \u201cy abusos del Estado\u201d cuando Evo Morales a\u00fan era presidente, se\u00f1ala ese reporte.<\/p>\n<p style=\"text-align: justify;\">Carlos B\u00f6rth, abogado con un doctorado en Derecho Constitucional, se\u00f1al\u00f3 que \u201cciertamente\u201d hay un freno constitucional para viabilizar una amnist\u00eda, pero no as\u00ed para reencauzar los procesos con decisiones judiciales que puedan permitir a los acusados defenderse en libertad. Alert\u00f3, no obstante, que el escenario pol\u00edtico es \u201cmucho m\u00e1s delicado\u201d, pues se\u00f1al\u00f3 a Evo Morales como un protagonista en este proceso.<\/p>\n<p style=\"text-align: justify;\">\u201cSi se habilita el revocatorio con el n\u00famero total de las firmas y considerando que una parte del MAS, la de Evo Morales, ver\u00eda con buenos ojos revocar a Arce Catacora, puede producirse el voto suficiente para esa revocaci\u00f3n del mandato, lo que provocar\u00eda un adelantamiento del calendario electoral\u201d, apunt\u00f3 Carlos B\u00f6rth.<\/p>\n<p style=\"text-align: justify;\">El especialista se pregunt\u00f3 frente a este escenario prospectivo: \u201cDadas las condiciones en la que se encuentra la oposici\u00f3n, \u00bfa qui\u00e9n beneficia m\u00e1s el adelantamiento del calendario electoral?\u201d<\/p>\n<p style=\"text-align: justify;\">\u201cEs este efecto al que yo le presto m\u00e1s atenci\u00f3n. Las fuerzas de oposici\u00f3n, los comit\u00e9s c\u00edvicos deber\u00edan frenarse un poco, analizar con cuidado, las consecuencias de una revocaci\u00f3n del mandato de Arce Catacora\u201d, anot\u00f3.<\/p>\n<p style=\"text-align: justify;\">Record\u00f3, sobre la base de esta reflexi\u00f3n, el refer\u00e9ndum revocatorio que se hizo en 2008, cuando Evo se someti\u00f3 a la validaci\u00f3n de su mandato junto con los nueve prefectos de departamento que, por primera vez en la historia del pa\u00eds, llegaron al cargo por el voto.<\/p>\n<p style=\"text-align: justify;\">\u201cEl resultado de ese intento fue la consolidaci\u00f3n de Evo Morales. La mayor\u00eda de los votantes dijo que no hab\u00eda que revocarlo. En ese momento, Morales gozaba de amplia popularidad y apoyo; no es el caso de ahora, pero es esa es una experiencia que hay que analizarla con mucho cuidado\u201d, dijo.<\/p>\n<p style=\"text-align: justify;\">Morales reaccion\u00f3 a trav\u00e9s de sus redes sociales luego de la visita que cumpli\u00f3 a Argentina, donde coincidi\u00f3 con el presidente Arce para la cumbre de la Comunidad de Estados de Am\u00e9rica Latina y el Caribe (Celac). A pesar de ese escenario, Arce ni Morales se reunieron ni pudieron saludarse.<\/p>\n<p style=\"text-align: justify;\">Justamente hace tres a\u00f1os, el 27 de enero de 2020, Evo proclam\u00f3 al \u201chermano Lucho\u201d como su candidato a las elecciones que, finalmente, gan\u00f3 con el 55,11%.<\/p>\n<p style=\"text-align: justify;\">\u201cDefendemos nuestra revoluci\u00f3n, pese a cualquier traici\u00f3n\u201d, se\u00f1al\u00f3 en su cuenta de Twitter y luego se fue en picada contra el presidente del Comit\u00e9 pro Santa Cruz, R\u00f3mulo Calvo. No mencion\u00f3 al presidente Arce y acus\u00f3 a los c\u00edvicos de buscar \u201cganar en mesa lo que no se gan\u00f3 en la cancha\u201d.<\/p>\n<p style=\"text-align: justify;\">Coca explic\u00f3 que los art\u00edculos 11, 170 y 171 de la CPE, \u201cque habla de un peque\u00f1o procedimiento para llevar adelante el revocatorio y que establece \u201cel cese inmediato\u201d de las funciones del presidente en caso de ser revocado, constituyen las primeras bases legales del proceso. A estos apartados, se\u00f1al\u00f3, se suma el 240 que deja claro que el mecanismo podr\u00e1 ser tramitado solo cuando la autoridad cuestionada haya cumplido la mitad de su mandato.<\/p>\n<p style=\"text-align: justify;\">El jurista pidi\u00f3 diferenciar dos etapas en este mecanismo. El primero est\u00e1 vinculado con la solicitud que se hace al Tribunal Supremo Electoral (TSE), que es la entidad que debe verificar la validez de casi dos millones de firmas del padr\u00f3n antes de fijar la fecha del refer\u00e9ndum con el que se le puede preguntar al pa\u00eds sobre la pertinencia de mantener o no el mandato del jefe de Estado. Esta es la segunda fase del proceso.<\/p>\n<p style=\"text-align: justify;\">\u201cEl solo hecho que el TSE avale las firmas para el revocatorio ya es una derrota pol\u00edtica para Luis Arce, esto al margen del resultado de la consulta ciudadana\u201d, consider\u00f3 el especialista.<\/p>\n<p style=\"text-align: justify;\">Respecto a la posibilidad de una amnist\u00eda o que se flexibilicen las detenciones que se han dado en el marco de las investigaciones de la crisis pol\u00edtica de 2019, Paul Coca descart\u00f3 que Arce cambie de opini\u00f3n frente a este escenario.<\/p>\n<p style=\"text-align: justify;\">\u201cEl presidente no cambiar\u00e1 de postura y no lo har\u00e1. Tampoco la postura del cabildo. Es de esperar que el presidente haga algo para buscar acuerdos\u201d, a\u00f1adi\u00f3. \u201cEso s\u00ed Evo Morales estar\u00e1 atento en este proceso de revocatorio\u201d, dijo Coca.<\/p>\n<p style=\"text-align: justify;\">Vladimir Pe\u00f1a, exsecretario de Gobierno de la Gobernaci\u00f3n de Santa Cruz en la gesti\u00f3n de Rub\u00e9n Costas, consider\u00f3 que la demanda de amnist\u00eda no se trata de una idea conspirativa contra el Gobierno o la b\u00fasqueda de impunidad, sino de un mecanismo democr\u00e1tico con base en un derecho constitucional. \u201cEs una facultad del Estado y hay que analizarla para reconciliar sociedades que han terminado divididas por diversos hechos\u201d, afirm\u00f3 la exautoridad.<\/p>\n<p style=\"text-align: justify;\">La Asamblea Legislativa aprob\u00f3, a principios de 2021, una amnist\u00eda e indulto \u201cpor persecuci\u00f3n pol\u00edtica\u201d para 1.000 ciudadanos, seguidores de Morales. La medida fue cuestionada por organismos internacionales y se anul\u00f3. Pese a ello las pesquisas no avanzaron.<\/p>\n","protected":false},"excerpt":{"rendered":"<p>La vara es m\u00e1s alta y los plazos apretados. La solicitud formal para revocar el mandato del presidente requiere de casi dos millones de firmas o el 25% del padr\u00f3n nacional, seg\u00fan el Art\u00edculo 26 de la Ley 026 de R\u00e9gimen Electoral. El porcentaje es superior al 20% requerido, por ejemplo, para la iniciativa popular [&hellip;]<\/p>\n","protected":false},"author":4,"featured_media":42911,"comment_status":"open","ping_status":"open","sticky":false,"template":"","format":"standard","meta":{"footnotes":""},"categories":[18],"tags":[],"class_list":{"0":"post-42910","1":"post","2":"type-post","3":"status-publish","4":"format-standard","5":"has-post-thumbnail","7":"category-politica"},"_links":{"self":[{"href":"https:\/\/jms.com.bo\/mediamonitor\/wp-json\/wp\/v2\/posts\/42910","targetHints":{"allow":["GET"]}}],"collection":[{"href":"https:\/\/jms.com.bo\/mediamonitor\/wp-json\/wp\/v2\/posts"}],"about":[{"href":"https:\/\/jms.com.bo\/mediamonitor\/wp-json\/wp\/v2\/types\/post"}],"author":[{"embeddable":true,"href":"https:\/\/jms.com.bo\/mediamonitor\/wp-json\/wp\/v2\/users\/4"}],"replies":[{"embeddable":true,"href":"https:\/\/jms.com.bo\/mediamonitor\/wp-json\/wp\/v2\/comments?post=42910"}],"version-history":[{"count":0,"href":"https:\/\/jms.com.bo\/mediamonitor\/wp-json\/wp\/v2\/posts\/42910\/revisions"}],"wp:featuredmedia":[{"embeddable":true,"href":"https:\/\/jms.com.bo\/mediamonitor\/wp-json\/wp\/v2\/media\/42911"}],"wp:attachment":[{"href":"https:\/\/jms.com.bo\/mediamonitor\/wp-json\/wp\/v2\/media?parent=42910"}],"wp:term":[{"taxonomy":"category","embeddable":true,"href":"https:\/\/jms.com.bo\/mediamonitor\/wp-json\/wp\/v2\/categories?post=42910"},{"taxonomy":"post_tag","embeddable":true,"href":"https:\/\/jms.com.bo\/mediamonitor\/wp-json\/wp\/v2\/tags?post=42910"}],"curies":[{"name":"wp","href":"https:\/\/api.w.org\/{rel}","templated":true}]}}