{"id":42912,"date":"2023-01-30T07:18:21","date_gmt":"2023-01-30T11:18:21","guid":{"rendered":"https:\/\/jms.com.bo\/mediamonitor\/2023\/01\/30\/exlider-civico-de-potosi-muere-en-la-clandestinidad-culpan-al-gobierno\/"},"modified":"2023-01-30T07:18:21","modified_gmt":"2023-01-30T11:18:21","slug":"exlider-civico-de-potosi-muere-en-la-clandestinidad-culpan-al-gobierno","status":"publish","type":"post","link":"https:\/\/jms.com.bo\/mediamonitor\/2023\/01\/30\/exlider-civico-de-potosi-muere-en-la-clandestinidad-culpan-al-gobierno\/","title":{"rendered":"Exl\u00edder c\u00edvico de Potos\u00ed muere en la clandestinidad; culpan al Gobierno"},"content":{"rendered":"<p style=\"text-align: justify;\">Juan Carlos Manuel Huallpa hace un a\u00f1o y dos meses estaba en la clandestinidad. Era el presidente del Comit\u00e9 C\u00edvico Potosinista (Comcipo) y ayer se confirm\u00f3 su deceso. Sus restos llegaron por la ma\u00f1ana a la Villa Imperial procedente de la ciudad de La Paz y de inmediato el cuerpo ingres\u00f3 a la funeraria San Miguel Arc\u00e1ngel de la capital potosina. La muerte de Manuel fue criticada por varios sectores debido a que sufri\u00f3 \u201cpersecuci\u00f3n pol\u00edtica\u201d porque fue cr\u00edtico al Gobierno.<\/p>\n<p style=\"text-align: justify;\">Manuel Huallpa se declar\u00f3 en la clandestinidad el 9 diciembre de 2021. Hab\u00eda tomado esa decisi\u00f3n tras un sorpresivo operativo con 2.000 polic\u00edas que comenz\u00f3 con la captura de l\u00edderes potosinos acusados por la quema de un veh\u00edculo durante un paro en noviembre de ese a\u00f1o y por la quema de las instalaciones del Tribunal Electoral Departamental (TED) de Potos\u00ed tras las elecciones de 2019. En ambos casos Manuel no estuvo presente.<\/p>\n<p style=\"text-align: justify;\">No se conoce el punto exacto del pa\u00eds donde muri\u00f3. Medios locales en Potos\u00ed anunciaron que Manuel habr\u00eda fallecido el s\u00e1bado y su cuerpo llegar\u00eda en las pr\u00f3ximas horas a la Villa Imperial. El DEBER conoci\u00f3 que el exl\u00edder c\u00edvico muri\u00f3 en la ciudad de La Paz.<\/p>\n<p style=\"text-align: justify;\">Tampoco la familia inform\u00f3 sobre las causas del deceso, aunque se conoci\u00f3 que Manuel sufr\u00eda la enfermedad de diabetes, cuyo tratamiento m\u00e9dico fue discontinuado a ra\u00edz de su declaratoria en la clandestinidad.<\/p>\n<p style=\"text-align: justify;\">\u201cGracias a este maldito partido (MAS) tuvo que irse a la clandestinidad hasta que lleg\u00f3 su muerte. Pero Dios es grande y llegar\u00e1 justicia; los potosinos nos tenemos que unir\u201d, declar\u00f3 una de las t\u00edas de Manuel, quien lleg\u00f3 hasta el velorio y que convers\u00f3 con radio Kollasuyo de Potos\u00ed.<\/p>\n<p style=\"text-align: justify;\">Ramiro Subia, otro dirigente c\u00edvico potosino que permanece oculto para evitar su detenci\u00f3n, fue una de las \u00faltimas personas con la que Manuel Huallpa se contact\u00f3. Fue el s\u00e1bado por la ma\u00f1ana. En la charla, el ahora difunto le confes\u00f3 su desaliento por la dif\u00edcil situaci\u00f3n en la que se encuentran los c\u00edvicos del pa\u00eds, pero le dijo que hab\u00eda que ver la manera de dirigir un mensaje, tanto a los c\u00edvicos como a la ciudadan\u00eda para que mantengan su lucha. Manuel habl\u00f3 de unidad ante la adversidad y de la necesidad de unificar al departamento de Potos\u00ed. Subia, que habl\u00f3 con medios potosinos, admiti\u00f3 que lo escuch\u00f3 cansado y respirando con dificultad. Su fallecimiento se produjo por la tarde.<\/p>\n<p style=\"text-align: justify;\">El \u00faltimo deseo<\/p>\n<p style=\"text-align: justify;\">\u201cNo nos vamos a rendir, vamos a defender el litio, la democracia y la libertad de Potos\u00ed\u201d, ese fue el \u00faltimo deseo de Manuel que le transmiti\u00f3 a Subia, a quien no le habl\u00f3 de estar enfermo. As\u00ed, se presume que su muerte fue repentina. En Potos\u00ed tambi\u00e9n surgi\u00f3 la versi\u00f3n de que el exl\u00edder c\u00edvico estaba en el \u00e1rea rural del departamento potosino, por lo que no pudo seguir con tratamientos m\u00e9dicos y aplicaci\u00f3n de medicinas, como la insulina, vital para enfrentar la diabetes.<\/p>\n<p style=\"text-align: justify;\">La noche del jueves 9 de diciembre de 2021, el Ministerio de Gobierno ejecut\u00f3 un intenso operativo en Potos\u00ed. Se utilizaron 2.000 polic\u00edas que llegaron desde todo el pa\u00eds, con excepci\u00f3n de Beni y Pando. Allanaron violentamente las casas del presidente de Comcipo, Juan Carlos Manuel, del vicepresidente, Nelson Guti\u00e9rrez, y del presidente del comit\u00e9 de movilizaciones, Ramiro Subia.<\/p>\n<p style=\"text-align: justify;\">Esa noche medios potosinos reportaban que los ocupantes de los inmuebles fueron maltratados. Incluso, el hermano de Subia fue temporalmente detenido, porque se lo confundi\u00f3 con \u00e9l. No hubo sanci\u00f3n por los excesos.<\/p>\n<p style=\"text-align: justify;\">Fue en esa jornada que Marco Pumari, exl\u00edder de Comcipo, fue arrestado en una de las calles de la Villa Imperial. Fue interceptado en su veh\u00edculo, sin una orden de aprehensi\u00f3n. De inmediato, se lo llev\u00f3 a la c\u00e1rcel del municipio de Unc\u00eda y se dict\u00f3 una detenci\u00f3n preventiva en su contra que luego fue ampliada. Ni siquiera comenz\u00f3 formalmente el juicio, pero ya est\u00e1 detenido por m\u00e1s de un a\u00f1o. Manuel, Guti\u00e9rrez y Subia se pusieron a buen recaudo. Posteriormente, se dict\u00f3 detenci\u00f3n domiciliaria con derecho al trabajo para Guti\u00e9rrez.<\/p>\n<p style=\"text-align: justify;\">Ayer, la presidenta en ejercicio de Comcipo, Roxana Graz, lament\u00f3 el fallecimiento de Manuel y dijo -seg\u00fan el diario El Potos\u00ed- que se estaba gestionando ante la familia que se permita velarlo en el edificio de Comcipo, pero admiti\u00f3 que la situaci\u00f3n es complicada debido al dolor de los parientes. Uno de los hijos de Manuel, que es polic\u00eda de carrera, habr\u00eda sido molestado por su parentesco.<\/p>\n<p style=\"text-align: justify;\">\u201cEl delito de este directorio (de Comcipo) ha sido no someterse al masismo, no venderse al masismo, nunca lo hemos hecho y no lo vamos a hacer mientras estemos en el directorio. Ese ha sido el delito y (tambi\u00e9n) defender los intereses de Potos\u00ed. Para nosotros habr\u00eda sido muy f\u00e1cil ceder, y seguramente Juan Carlos (Manuel) habr\u00eda estado en un puesto de embajador o de un cargo p\u00fablico\u201d, lament\u00f3 Guti\u00e9rrez, que es vicepresidente de Comcipo.<\/p>\n<p style=\"text-align: justify;\">La alianza pol\u00edtica Creemos expres\u00f3 su pesar por el fallecimiento de Manuel y tambi\u00e9n responsabiliz\u00f3 al Gobierno por la misma. \u201cEl Gobierno de (Luis) Arce ocasiona otra muerte como consecuencia de la brutal persecuci\u00f3n pol\u00edtica contra quienes ejercen los derechos humanos de \u2018libertad de pensamiento, libertad de expresi\u00f3n y libertad de asociaci\u00f3n\u2019\u201d, dice parte del comunicado que public\u00f3 ayer en redes sociales.<\/p>\n<p style=\"text-align: justify;\">El velorio se instal\u00f3 ayer en la funeraria San Miguel Arc\u00e1ngel y hoy por la tarde los restos de Manuel ser\u00e1n enterrados en el cementerio general de Potos\u00ed. La familia prefiri\u00f3 no dar declaraciones y-seg\u00fan im\u00e1genes de El Potos\u00ed- se dedic\u00f3 a dar el \u00faltimo adi\u00f3s al exl\u00edder c\u00edvico con oraciones.<\/p>\n<p style=\"text-align: justify;\">Varias personas llegaron a la funeraria para velar los restos de Manuel. El Gobierno no se pronunci\u00f3 sobre esta muerte.<\/p>\n","protected":false},"excerpt":{"rendered":"<p>Juan Carlos Manuel Huallpa hace un a\u00f1o y dos meses estaba en la clandestinidad. Era el presidente del Comit\u00e9 C\u00edvico Potosinista (Comcipo) y ayer se confirm\u00f3 su deceso. Sus restos llegaron por la ma\u00f1ana a la Villa Imperial procedente de la ciudad de La Paz y de inmediato el cuerpo ingres\u00f3 a la funeraria San [&hellip;]<\/p>\n","protected":false},"author":4,"featured_media":42913,"comment_status":"open","ping_status":"open","sticky":false,"template":"","format":"standard","meta":{"footnotes":""},"categories":[18],"tags":[],"class_list":{"0":"post-42912","1":"post","2":"type-post","3":"status-publish","4":"format-standard","5":"has-post-thumbnail","7":"category-politica"},"_links":{"self":[{"href":"https:\/\/jms.com.bo\/mediamonitor\/wp-json\/wp\/v2\/posts\/42912","targetHints":{"allow":["GET"]}}],"collection":[{"href":"https:\/\/jms.com.bo\/mediamonitor\/wp-json\/wp\/v2\/posts"}],"about":[{"href":"https:\/\/jms.com.bo\/mediamonitor\/wp-json\/wp\/v2\/types\/post"}],"author":[{"embeddable":true,"href":"https:\/\/jms.com.bo\/mediamonitor\/wp-json\/wp\/v2\/users\/4"}],"replies":[{"embeddable":true,"href":"https:\/\/jms.com.bo\/mediamonitor\/wp-json\/wp\/v2\/comments?post=42912"}],"version-history":[{"count":0,"href":"https:\/\/jms.com.bo\/mediamonitor\/wp-json\/wp\/v2\/posts\/42912\/revisions"}],"wp:featuredmedia":[{"embeddable":true,"href":"https:\/\/jms.com.bo\/mediamonitor\/wp-json\/wp\/v2\/media\/42913"}],"wp:attachment":[{"href":"https:\/\/jms.com.bo\/mediamonitor\/wp-json\/wp\/v2\/media?parent=42912"}],"wp:term":[{"taxonomy":"category","embeddable":true,"href":"https:\/\/jms.com.bo\/mediamonitor\/wp-json\/wp\/v2\/categories?post=42912"},{"taxonomy":"post_tag","embeddable":true,"href":"https:\/\/jms.com.bo\/mediamonitor\/wp-json\/wp\/v2\/tags?post=42912"}],"curies":[{"name":"wp","href":"https:\/\/api.w.org\/{rel}","templated":true}]}}