{"id":42914,"date":"2023-01-30T07:20:14","date_gmt":"2023-01-30T11:20:14","guid":{"rendered":"https:\/\/jms.com.bo\/mediamonitor\/2023\/01\/30\/investigan-a-las-visitas-de-camacho-y-piden-indagar-dos-versiones-de-espionaje\/"},"modified":"2023-01-30T07:20:14","modified_gmt":"2023-01-30T11:20:14","slug":"investigan-a-las-visitas-de-camacho-y-piden-indagar-dos-versiones-de-espionaje","status":"publish","type":"post","link":"https:\/\/jms.com.bo\/mediamonitor\/2023\/01\/30\/investigan-a-las-visitas-de-camacho-y-piden-indagar-dos-versiones-de-espionaje\/","title":{"rendered":"Investigan a las visitas de Camacho y piden indagar dos versiones de \u2018espionaje\u2019"},"content":{"rendered":"<p style=\"text-align: justify;\">El hallazgo de una c\u00e1mara esp\u00eda en la celda del gobernador Luis Fernando Camacho sigue siendo una inc\u00f3gnita. Por un lado, el director del penal de Chonchocoro, Franz Laura, alista un informe y encara una investigaci\u00f3n administrativa de las visitas registradas en el recinto penitenciario y en el \u00e1rea m\u00e9dica donde se encuentra la autoridad departamental.<\/p>\n<p style=\"text-align: justify;\">Por otro, el director de R\u00e9gimen Penitenciario, Juan Carlos Limpias, sospecha que la c\u00e1mara ingres\u00f3 y sali\u00f3 de forma \u201cirregular\u201d por omisiones en los controles de entrada y por la \u201cprioridad\u201d que se habr\u00eda dado a los familiares y conocidos de Camacho.<\/p>\n<p style=\"text-align: justify;\">\u201cHemos solicitado un informe e investigaci\u00f3n de todos los que han ingresado a esta \u00e1rea: personal civil, policial e incluidas visitas que ingresaron al centro penitenciario. Vamos a tener la informaci\u00f3n porque hubo momentos, (en los que) aprovechando que hab\u00edan conflictos afuera del centro penitenciario por organizaciones y colectivos, (que) hemos permitido que ingresen movilidades hasta la Gobernaci\u00f3n para evitar cualquier tipo de agresi\u00f3n, precautelando a la familia, a los hijos y a los mismos abogados\u201d, sostuvo el funcionario.<\/p>\n<p style=\"text-align: justify;\">Sobre las visitas a Camacho, mencion\u00f3 que se dieron bastantes concesiones, como el permiso a F\u00e1tima Jord\u00e1n para que permanezca junto a su esposo las 24 horas, adem\u00e1s que se les dejaba ingresar a otros visitantes sin hacer fila para evitar reclamos. Enfatiz\u00f3 que hicieron los m\u00e1ximos esfuerzos por precautelar su salud a riesgo de recibir reclamos de otros presos por las desigualdades.<\/p>\n<p style=\"text-align: justify;\">Limpias considera que quiz\u00e1s cometieron un error al priorizar a las visitas de Camacho, ya que en muchas ocasiones \u201cno han entrado por el conducto regular y tenemos la sospecha, tambi\u00e9n, de que en estos momentos, que no han seguido los conductos regulares, se haya aprovechado de estas situaciones (para el posible ingreso de la c\u00e1mara). Nos hace creer que el ingreso y salida de la c\u00e1mara no ha sido regular\u201d.<\/p>\n<p style=\"text-align: justify;\">Adelant\u00f3 que habr\u00e1 sanciones por la falta de controles en los ingresos de personas y autom\u00f3viles, pero primero se agotar\u00e1n las instancias administrativas internas, antes de que el caso pase a manos del Ministerio P\u00fablico.<\/p>\n<p style=\"text-align: justify;\">El jueves, la defensa de Camacho denunci\u00f3 el hallazgo de una c\u00e1mara esp\u00eda ubicada en la pared de la puerta del ba\u00f1o, que reci\u00e9n fue construida. En ese momento, anunciaron la presentaci\u00f3n de una demanda penal porque consideraron que se violaron los derechos a la privacidad y a la dignidad de su defendido y de su esposa que se quedaba en la celda. Sin embargo, la Polic\u00eda se neg\u00f3 a recibir la acusaci\u00f3n para investigar este caso.<\/p>\n<p style=\"text-align: justify;\">\u201cLa c\u00e1mara oculta marca Dahua HAC-HUM3201B-P, utilizada en la celda del gobernador cuenta con tecnolog\u00eda que capta audio y, adem\u00e1s, graba im\u00e1genes por largos periodos de tiempo, incluso en situaciones adversas d\u00f3nde la luz es inexistente\u201d, refiere el comunicado emitido por el equipo de comunicaci\u00f3n del gobernador.<\/p>\n<p style=\"text-align: justify;\">Al momento de la denuncia del descubrimiento de la c\u00e1mara esp\u00eda, seg\u00fan Limpias, solicitaron la presencia de personal de la Fuerza Especial de Lucha Contra el Crimen (Felcc) y del Instituto de Investigaciones T\u00e9cnico Cient\u00edficas de la Universidad Policial (IITCUP) para que inicien con las verificaciones. Pero, ambas instancias negaron que haya una c\u00e1mara y cableado.<\/p>\n<p style=\"text-align: justify;\">R\u00e9gimen Penitenciario ratific\u00f3 ayer su versi\u00f3n de que no se encontr\u00f3 evidencias de una c\u00e1mara ni cableado en el \u00e1rea m\u00e9dica destinada al gobernador cruce\u00f1o y, por lo tanto, rechaz\u00f3 las denuncias de espionaje que alarm\u00f3 a m\u00e1s de un pol\u00edtico.<\/p>\n<p style=\"text-align: justify;\">Resalt\u00f3 que el gobernador cruce\u00f1o no habr\u00eda querido entregar el material encontrado mediante un acta, incluso cuando la Defensor\u00eda del Pueblo y personal del IITCUP estaban presentes. Adem\u00e1s, manifest\u00f3 que su abogado Mart\u00edn Camacho sac\u00f3 la c\u00e1mara de forma irregular y sin revisi\u00f3n de los polic\u00edas.<\/p>\n<p style=\"text-align: justify;\">Para Iv\u00e1n Lima, ministro de Justicia y Transparencia Institucional, se deben investigar las dos versiones del caso denunciado, tanto por la defensa de Camacho que refiere la instalaci\u00f3n de la c\u00e1mara escondida por el Ministerio de Gobierno, como las acusaciones de R\u00e9gimen Penitenciario que apuntan a posibles allegados del gobernador.<\/p>\n<p style=\"text-align: justify;\">\u201cEstoy planteando dos hip\u00f3tesis y esto se dilucida en un debido proceso, en una investigaci\u00f3n, y lo que hay que hacer es facilitar la informaci\u00f3n para que la justicia act\u00fae\u201d, afirm\u00f3.<\/p>\n<p style=\"text-align: justify;\">La autoridad gubernamental dijo que no hay pruebas de que la c\u00e1mara hubiera sido instalada por R\u00e9gimen Penitenciario, pero adem\u00e1s dijo que tampoco fue entregada en el penal, sino fuera de \u00e9l, con lo que en su criterio la defensa de Camacho \u201cda\u00f1\u00f3 su caso\u201d.<\/p>\n<p style=\"text-align: justify;\">En ese entendido, reiter\u00f3 que \u201cla investigaci\u00f3n de estas dos hip\u00f3tesis, la que plantean los abogados de Camacho y la que plantea R\u00e9gimen Penitenciario deben dilucidarse en un debido proceso. Lo que resta y deber\u00edamos esperar es el trabajo de la Fiscal\u00eda, la Polic\u00eda, el \u00d3rgano Judicial, el juez que controlar\u00e1 este proceso, y tendremos una decisi\u00f3n definitiva\u201d.<\/p>\n<p style=\"text-align: justify;\">Sobre el rechazo a la denuncia presentada por los abogados de Camacho ante la Polic\u00eda, dijo que la forma de presentar una denuncia es por ventanilla y sin necesidad de \u201chacer un circo\u201d, recurriendo a la prensa, por lo que les pidi\u00f3 usar un \u201ctono \u00e9tico\u201d. Agreg\u00f3 que no existe alguna intencionalidad de entorpecer su trabajo.<\/p>\n<p style=\"text-align: justify;\">\u201cLa manera de presentar una denuncia es muy f\u00e1cil y sencilla, se presenta ante una ventanilla. Si los abogados de Camacho quieren hacer un circo, con gritos y amenazas, ellos han sido los que han causado un problema y no hubo un problema de la institucionalidad p\u00fablica ni al momento de recibir la denuncia ni en otro momento. Creo que hay que pedir un poco de tranquilidad y que cumplan el procedimiento\u201d, concluy\u00f3.<\/p>\n<p style=\"text-align: justify;\">Efra\u00edn Su\u00e1rez, asesor de la Gobernaci\u00f3n de Santa Cruz, detall\u00f3 que el equipo jur\u00eddico acudir\u00e1 a la Defensor\u00eda de la Mujer y de la Ni\u00f1ez porque en la celda del gobernador no solo se habr\u00edan filmado a su esposa, sino a su hijo menor de 13 a\u00f1os. \u201cEst\u00e1n preparando las acciones legales para defender los derechos constitucionales y humanos del gobernador, de su esposa e hijos\u201d, resalt\u00f3.<\/p>\n<p style=\"text-align: justify;\">Mencion\u00f3 que el gobernador fue informado por otros presos sobre la instalaci\u00f3n de c\u00e1maras y micr\u00f3fonos durante el acondicionamiento de la celda que hab\u00eda despertado la desconfianza del gobernador.<\/p>\n","protected":false},"excerpt":{"rendered":"<p>El hallazgo de una c\u00e1mara esp\u00eda en la celda del gobernador Luis Fernando Camacho sigue siendo una inc\u00f3gnita. Por un lado, el director del penal de Chonchocoro, Franz Laura, alista un informe y encara una investigaci\u00f3n administrativa de las visitas registradas en el recinto penitenciario y en el \u00e1rea m\u00e9dica donde se encuentra la autoridad [&hellip;]<\/p>\n","protected":false},"author":4,"featured_media":42915,"comment_status":"open","ping_status":"open","sticky":false,"template":"","format":"standard","meta":{"footnotes":""},"categories":[18,48,46],"tags":[],"class_list":{"0":"post-42914","1":"post","2":"type-post","3":"status-publish","4":"format-standard","5":"has-post-thumbnail","7":"category-politica","8":"category-portada-general-sitio","9":"category-portada-politica"},"_links":{"self":[{"href":"https:\/\/jms.com.bo\/mediamonitor\/wp-json\/wp\/v2\/posts\/42914","targetHints":{"allow":["GET"]}}],"collection":[{"href":"https:\/\/jms.com.bo\/mediamonitor\/wp-json\/wp\/v2\/posts"}],"about":[{"href":"https:\/\/jms.com.bo\/mediamonitor\/wp-json\/wp\/v2\/types\/post"}],"author":[{"embeddable":true,"href":"https:\/\/jms.com.bo\/mediamonitor\/wp-json\/wp\/v2\/users\/4"}],"replies":[{"embeddable":true,"href":"https:\/\/jms.com.bo\/mediamonitor\/wp-json\/wp\/v2\/comments?post=42914"}],"version-history":[{"count":0,"href":"https:\/\/jms.com.bo\/mediamonitor\/wp-json\/wp\/v2\/posts\/42914\/revisions"}],"wp:featuredmedia":[{"embeddable":true,"href":"https:\/\/jms.com.bo\/mediamonitor\/wp-json\/wp\/v2\/media\/42915"}],"wp:attachment":[{"href":"https:\/\/jms.com.bo\/mediamonitor\/wp-json\/wp\/v2\/media?parent=42914"}],"wp:term":[{"taxonomy":"category","embeddable":true,"href":"https:\/\/jms.com.bo\/mediamonitor\/wp-json\/wp\/v2\/categories?post=42914"},{"taxonomy":"post_tag","embeddable":true,"href":"https:\/\/jms.com.bo\/mediamonitor\/wp-json\/wp\/v2\/tags?post=42914"}],"curies":[{"name":"wp","href":"https:\/\/api.w.org\/{rel}","templated":true}]}}