{"id":42916,"date":"2023-01-31T04:30:23","date_gmt":"2023-01-31T08:30:23","guid":{"rendered":"https:\/\/jms.com.bo\/mediamonitor\/2023\/01\/30\/privados-preven-aumento-de-la-inversion-por-el-alza-de-la-demanda-externa\/"},"modified":"2023-01-31T04:30:34","modified_gmt":"2023-01-31T08:30:34","slug":"privados-preven-aumento-de-la-inversion-por-el-alza-de-la-demanda-externa-2","status":"publish","type":"post","link":"https:\/\/jms.com.bo\/mediamonitor\/2023\/01\/31\/privados-preven-aumento-de-la-inversion-por-el-alza-de-la-demanda-externa-2\/","title":{"rendered":"Privados prev\u00e9n aumento de la inversi\u00f3n, por el alza de la demanda externa"},"content":{"rendered":"<div class=\"text-editor\">\n<div>\n<p style=\"text-align: justify;\">La Confederaci\u00f3n de Empresarios Privados de Bolivia (CEPB) proyecta que en esta gesti\u00f3n 2023 la\u00a0<strong>inversi\u00f3n privada<\/strong>, nacional y extranjera, presentar\u00e1 \u201cmejores cifras\u201d en el pa\u00eds, ya que \u201cmucho del capital interno congelado en las gestiones pasadas empezar\u00e1 a moverse, debido al aumento de la demanda internacional\u201d.<\/p>\n<\/div>\n<div style=\"text-align: justify;\">\n<p>Este crecimiento puede ser impulsado tambi\u00e9n por la migraci\u00f3n de capitales for\u00e1neos que llegar\u00e1n a Latinoam\u00e9rica, por la inestabilidad econ\u00f3mica en Europa que causa la\u00a0<strong>guerra en Ucrania.<\/strong><\/p>\n<\/div>\n<div style=\"text-align: justify;\">\n<p>\u201cEn nuestra econom\u00eda, el factor din\u00e1mico en este momento no es solamente la inversi\u00f3n p\u00fablica, sino la inversi\u00f3n privada, que no se la resalta ni siquiera en el mensaje presidencial (del 22 de enero)\u201d, afirm\u00f3\u00a0<strong>Germ\u00e1n Molina,<\/strong>\u00a0miembro de la Academia Boliviana de Ciencias Econ\u00f3micas.<\/p>\n<\/div>\n<div style=\"text-align: justify;\">\n<p>El economista indic\u00f3 que en 2021 la participaci\u00f3n de la\u00a0<strong>inversi\u00f3n privada<\/strong>\u00a0(nacional y extranjera) respecto al Producto Interno Bruto (PIB) fue de un 10,33%, mientras que la de la inversi\u00f3n p\u00fablica fue de 6,5%.<\/p>\n<\/div>\n<div style=\"text-align: justify;\">\n<p><strong>Bolivia,<\/strong>\u00a0sostuvo, \u201cno es muy amigable para la inversi\u00f3n, pero a pesar de eso sorprende que el empresariado nacional y extranjero haya invertido m\u00e1s que el sector p\u00fablico\u201d. \u201cHa ingresado bastante inversi\u00f3n al\u00a0<strong>sector agroindustrial<\/strong>\u00a0y minero, a pesar de que los costos laborales elevados y el clima de inseguridad jur\u00eddica. No se respetan las leyes y hay avasallamientos de tierras (productivas)\u201d, agreg\u00f3.<\/p>\n<\/div>\n<div style=\"text-align: justify;\">\n<p>La Confederaci\u00f3n considera que la inversi\u00f3n privada de este a\u00f1o se focalizar\u00eda en algunas \u00e1reas de alta demanda como la agropecuaria,\u00a0<strong>la miner\u00eda<\/strong>, la industria manufacturera y la energ\u00eda.<\/p>\n<\/div>\n<div style=\"text-align: justify;\">\n<p>\u201cSin embargo, esto depender\u00e1 de las condiciones pol\u00edticas, jur\u00eddicas y sociales\u201d, sostuvo.<\/p>\n<\/div>\n<div style=\"text-align: justify;\">\n<p>Molina record\u00f3 que, pese al contexto jur\u00eddico y laboral, hay incentivos en el mercado local como el arancel cero a las importaciones de bienes de capital, la subvenci\u00f3n a los combustibles y la disponibilidad de<strong>\u00a0financiamiento interno<\/strong>\u00a0a condiciones favorables para el sector productivo, principalmente agr\u00edcola y de menor escala.<\/p>\n<\/div>\n<div style=\"text-align: justify;\">\n<p>En diciembre pasado, el viceministro de Comercio Exterior e Integraci\u00f3n,\u00a0<strong>Benjam\u00edn Blanco,\u00a0<\/strong>inform\u00f3 a este medio que el Gobierno ha incrementado la capacidad de producci\u00f3n del pa\u00eds a trav\u00e9s de programas y acciones como incentivos tributarios para la internaci\u00f3n de bienes de capital, veh\u00edculos y maquinaria, y el acceso a cr\u00e9ditos preferenciales.<\/p>\n<\/div>\n<div style=\"text-align: justify;\">\n<p>Estas y otras medidas promueven la inversi\u00f3n, agreg\u00f3, as\u00ed como tambi\u00e9n el fomento del consumo interno, la baja inflaci\u00f3n y la\u00a0<strong>estabilidad<\/strong>\u00a0de la moneda nacional.<\/p>\n<\/div>\n<div style=\"text-align: justify;\">\n<p>\u201cHemos incrementado nuestra capacidad de producci\u00f3n y la vamos a seguir incrementando\u201d. Este 2023, \u201cvamos a ver tambi\u00e9n importantes n\u00fameros en cuanto a producci\u00f3n y exportaciones en valor y en volumen, porque son inversiones que ya se han realizado y que han permitido una mayor oferta\u201d, afirm\u00f3 la autoridad.<\/p>\n<\/div>\n<div style=\"text-align: justify;\">\n<p>Para Juan\u00a0<strong>Pablo Su\u00e1rez<\/strong>, presidente del Colegio de Economistas de Santa Cruz, \u201cest\u00e1 claro\u201d que, \u201cpor distintas razones econ\u00f3micas, que los niveles de inversi\u00f3n (privada) no son los necesarios\u201d.<\/p>\n<\/div>\n<div style=\"text-align: justify;\">\n<p>El experto precis\u00f3 que un indicador que mide el nivel de intervenci\u00f3n del sector p\u00fablico en la econom\u00eda es el presupuesto del Estado respecto al PIB, que en el caso de Bolivia es de al menos un 80%, cuando en pa\u00edses como<strong>\u00a0Paraguay\u00a0<\/strong>y\u00a0<strong>Chile<\/strong>\u00a0no llega ni al 35%.<\/p>\n<\/div>\n<div style=\"text-align: justify;\">\n<p>\u201cEst\u00e1 claro que tenemos un Estado muy grande que cada vez arrincona m\u00e1s al sector privado. Ya lo vimos en el caso m\u00e1s representativo, que es el de los hidrocarburos, en el que se fue retrocediendo en pr\u00e1cticamente todo lo avanzado. Las grandes<strong>\u00a0transnacionales<\/strong>\u00a0desarrollaron el sector de hidrocarburos, pero luego el Estado lo ocup\u00f3\u201d, expres\u00f3.<\/p>\n<\/div>\n<div style=\"text-align: justify;\">\n<p>La patronal privada advierte que el contexto adverso sigue vigente y que no hay visos de que el<strong>\u00a0Gobierno\u00a0<\/strong>quiera cambiarlo.<\/p>\n<\/div>\n<div style=\"text-align: justify;\">\n<p>En el mercado nacional, detall\u00f3, se mantienen los factores que limitan el ingreso de mayores<strong>\u00a0inversiones privadas:<\/strong>\u00a0la (falta de) certidumbre jur\u00eddica y el marco reglamentario; la pol\u00edtica laboral y la subida en los salarios sin que exista mayor productividad; el contrabando y la informalidad, que desplazan a la producci\u00f3n nacional; la pol\u00edtica tributaria, que se traduce en sobrerregulaci\u00f3n y problemas de fiscalizaci\u00f3n \u201cpara unos cuantos contribuyentes formales\u201d; los costos altos en sectores clave como la miner\u00eda e hidrocarburos; y la ausencia de incentivos concretos para la inversi\u00f3n.<\/p>\n<\/div>\n<div style=\"text-align: justify;\">\n<p>\u201cA los problemas se\u00f1alados, se deben sumar dos nuevos factores: la inestabilidad social y la\u00a0<strong>conflictividad pol\u00edtica<\/strong>, que est\u00e1n causando mucha incertidumbre y justificado temor entre los inversionistas por medidas como los bloqueos, paros y huelgas que han perjudicado la producci\u00f3n, el comercio interno y externo y el transporte\u201d, indica la CEPB.\u201d<\/p>\n<\/div>\n<div style=\"text-align: justify;\">\n<p>\u201cDesde hace muchos a\u00f1os hay una desinversi\u00f3n en el pa\u00eds y esto se debe a varias razones\u201d, asever\u00f3 Su\u00e1rez. Por ejemplo, \u201ctenemos una\u00a0<strong>legislaci\u00f3n laboral<\/strong>\u00a0extremadamente inflexible que hace que el inversor privado tenga aversi\u00f3n a contratar personas o a invertir\u201d.<\/p>\n<\/div>\n<div style=\"text-align: justify;\">\n<p>De acuerdo con datos de la Confederaci\u00f3n, en 2019 la inversi\u00f3n privada fue de $us 2.600 millones<\/p>\n<\/div>\n<div style=\"text-align: justify;\">\n<p>\u201cLa pandemia primero, y luego la<strong>\u00a0crisis pol\u00edtica,<\/strong>\u00a0han afectado a la inversi\u00f3n privada de manera importante.\u00a0\u00a0Durante el 2020 \u00e9sta descendi\u00f3 a niveles muy bajos para luego alcanzar un mayor dinamismo en 2021 y 2022, aunque solo en algunos rubros y sin la intensidad y dimensi\u00f3n que hubi\u00e9ramos querido\u201d, indic\u00f3 la CEPB.<\/p>\n<\/div>\n<div style=\"text-align: justify;\">\n<p>Un ejemplo de esta tendencia se la puede apreciar en la IED, que en 2020 arroj\u00f3 una cifra negativa de $us -1.179 millones, subiendo en 2021 a $us 599 millones, monto mayor al que registr\u00f3 Paraguay.<\/p>\n<\/div>\n<div style=\"text-align: justify;\">\n<p>\u201cNecesitamos urgentemente la inversi\u00f3n privada, m\u00e1s precisamente la IED, para frenar un poco la<strong>\u00a0ca\u00edda de las RIN \u201c,<\/strong>\u00a0dijo Su\u00e1rez.<\/p>\n<\/div>\n<div class=\"banner-holder banner-edicion-impresa\" style=\"text-align: justify;\"><\/div>\n<\/div>\n<div class=\"widget\">\n<div class=\"ob-smartfeed-wrapper feedIdx-0\">\n<div id=\"outbrain_widget_0\" class=\"OUTBRAIN\" data-src=\"https:\/\/eldeber.com.bo\/edicion-impresa\/privados-preven-aumento-de-la-inversion-por-el-alza-de-la-demanda-externa_312706\" data-widget-id=\"GS_1\" data-ob-mark=\"true\" data-browser=\"chrome\" data-os=\"win32\" data-dynload=\"\" data-idx=\"0\">\n<div class=\"ob-widget ob-grid-layout CR_SFD_MAIN_1\" data-dynamic-truncate=\"true\">\n<div class=\"ob-widget-header\" style=\"text-align: justify;\"><\/div>\n<\/div>\n<\/div>\n<\/div>\n<\/div>\n","protected":false},"excerpt":{"rendered":"<p>La Confederaci\u00f3n de Empresarios Privados de Bolivia (CEPB) proyecta que en esta gesti\u00f3n 2023 la\u00a0inversi\u00f3n privada, nacional y extranjera, presentar\u00e1 \u201cmejores cifras\u201d en el pa\u00eds, ya que \u201cmucho del capital interno congelado en las gestiones pasadas empezar\u00e1 a moverse, debido al aumento de la demanda internacional\u201d. Este crecimiento puede ser impulsado tambi\u00e9n por la migraci\u00f3n [&hellip;]<\/p>\n","protected":false},"author":1,"featured_media":43022,"comment_status":"open","ping_status":"open","sticky":false,"template":"","format":"standard","meta":{"footnotes":""},"categories":[25],"tags":[],"class_list":{"0":"post-42916","1":"post","2":"type-post","3":"status-publish","4":"format-standard","5":"has-post-thumbnail","7":"category-economia"},"_links":{"self":[{"href":"https:\/\/jms.com.bo\/mediamonitor\/wp-json\/wp\/v2\/posts\/42916","targetHints":{"allow":["GET"]}}],"collection":[{"href":"https:\/\/jms.com.bo\/mediamonitor\/wp-json\/wp\/v2\/posts"}],"about":[{"href":"https:\/\/jms.com.bo\/mediamonitor\/wp-json\/wp\/v2\/types\/post"}],"author":[{"embeddable":true,"href":"https:\/\/jms.com.bo\/mediamonitor\/wp-json\/wp\/v2\/users\/1"}],"replies":[{"embeddable":true,"href":"https:\/\/jms.com.bo\/mediamonitor\/wp-json\/wp\/v2\/comments?post=42916"}],"version-history":[{"count":1,"href":"https:\/\/jms.com.bo\/mediamonitor\/wp-json\/wp\/v2\/posts\/42916\/revisions"}],"predecessor-version":[{"id":43021,"href":"https:\/\/jms.com.bo\/mediamonitor\/wp-json\/wp\/v2\/posts\/42916\/revisions\/43021"}],"wp:featuredmedia":[{"embeddable":true,"href":"https:\/\/jms.com.bo\/mediamonitor\/wp-json\/wp\/v2\/media\/43022"}],"wp:attachment":[{"href":"https:\/\/jms.com.bo\/mediamonitor\/wp-json\/wp\/v2\/media?parent=42916"}],"wp:term":[{"taxonomy":"category","embeddable":true,"href":"https:\/\/jms.com.bo\/mediamonitor\/wp-json\/wp\/v2\/categories?post=42916"},{"taxonomy":"post_tag","embeddable":true,"href":"https:\/\/jms.com.bo\/mediamonitor\/wp-json\/wp\/v2\/tags?post=42916"}],"curies":[{"name":"wp","href":"https:\/\/api.w.org\/{rel}","templated":true}]}}