{"id":42918,"date":"2023-01-30T07:23:45","date_gmt":"2023-01-30T11:23:45","guid":{"rendered":"https:\/\/jms.com.bo\/mediamonitor\/2023\/01\/30\/empresario-careaga-dice-que-san-cristobal-quedo-en-manos-extranjeras-porque-el-gobierno-esta-enguerrillado-contra-santa-cruz\/"},"modified":"2023-01-30T07:23:45","modified_gmt":"2023-01-30T11:23:45","slug":"empresario-careaga-dice-que-san-cristobal-quedo-en-manos-extranjeras-porque-el-gobierno-esta-enguerrillado-contra-santa-cruz","status":"publish","type":"post","link":"https:\/\/jms.com.bo\/mediamonitor\/2023\/01\/30\/empresario-careaga-dice-que-san-cristobal-quedo-en-manos-extranjeras-porque-el-gobierno-esta-enguerrillado-contra-santa-cruz\/","title":{"rendered":"Empresario Careaga dice que San Crist\u00f3bal qued\u00f3 en manos extranjeras porque \u201cel Gobierno est\u00e1 enguerrillado contra Santa Cruz\u201d"},"content":{"rendered":"<p style=\"text-align: justify;\">El empresario Orlando Careaga afirm\u00f3 ayer que la mina San Crist\u00f3bal, yacimiento de plata, zinc y plomo que se encuentra en Potos\u00ed, qued\u00f3 en manos de capitales canadienses porque el Gobierno \u201cprefiri\u00f3\u201d a extranjeros porque est\u00e1 \u201cenguerrillado contra Santa Cruz\u201d y no permiti\u00f3 que un empresario boliviano cruce\u00f1o compre las acciones.<\/p>\n<p style=\"text-align: justify;\">\u201c(\u00bfCu\u00e1l fue la principal dificultad para que empresarios locales no hayan adquirido San Crist\u00f3bal?) Bueno, creo que principalmente ha sido el hecho de que hab\u00eda de por medio empresarios cruce\u00f1os. Cruce\u00f1os que usted sabe que el Gobierno est\u00e1 un poco, no un poco, sino completamente enguerrillado contra Santa Cruz y los cruce\u00f1os contra el Gobierno. Entonces, no han querido que gente del oriente tenga que venir al occidente, entonces esa ha sido la objeci\u00f3n que le ha dado el Gobierno\u201d, respondi\u00f3 Careaga al periodista Juan Orellana, de Fides Potos\u00ed.<\/p>\n<p style=\"text-align: justify;\">El empresario boliviano tambi\u00e9n indic\u00f3 que hubo una \u201cfalta de disposici\u00f3n\u201d de parte de los propietarios de la mina de San Crist\u00f3bal en \u201cno querer apoyar a empresarios bolivianos\u201d.<\/p>\n<p style=\"text-align: justify;\">Ante la consulta de qu\u00e9 opina sobre la adquisici\u00f3n que hizo San Crist\u00f3bal Mining Inc. (SCM), lament\u00f3 que otra vez \u201cburlen\u201d a los potosinos, porque los recursos y las utilidades saldr\u00e1n del pa\u00eds y de Potos\u00ed.<\/p>\n<p style=\"text-align: justify;\">\u201cUstedes se deben acordar que los empresarios bolivianos est\u00e1bamos pr\u00e1cticamente casi a punto de adquirir esta empresa, pero siempre han preferido a empresas transnacionales\u201d, sostuvo.<\/p>\n<p style=\"text-align: justify;\">Asimismo observ\u00f3 que profesionales que no sean del \u00e1rea est\u00e9n en el sector minero, pese a que hay muchos expertos en el pa\u00eds, como es el caso de Potos\u00ed.<\/p>\n<p style=\"text-align: justify;\">\u201cHay gente, hay pilotos que est\u00e1n manejando la instituci\u00f3n, pilotos de avi\u00f3n que nada tiene que ver en miner\u00eda. Entonces, nosotros tenemos una Facultad de Miner\u00eda, de Geolog\u00eda, \u00bfd\u00f3nde est\u00e1n nuestros profesionales?, profesionales de todo el pa\u00eds, menos de Potos\u00ed. Entonces es una pena, la verdad es que como potosinos nos vemos frustrados\u201d, asever\u00f3.<\/p>\n<p style=\"text-align: justify;\">En octubre de 2021, los empresarios Luis Fernando Barbery y Careaga anunciaron la compra de la Empresa Minera San Crist\u00f3bal. Estaban en plena negociaci\u00f3n y hasta se habl\u00f3 de un acuerdo de confidencialidad. No obstante, de inmediato la japonesa Sumitomo Corporation desminti\u00f3 la \u201csupuesta venta\u201d a empresarios bolivianos.<\/p>\n<p style=\"text-align: justify;\">Expertos del sector, que prefirieron no ser citados, aseguraron a P\u00e1gina Siete Digital que s\u00ed hubo esa transferencia, que estaba en plena negociaci\u00f3n, pero deb\u00eda mantenerse en reserva y que el \u201cerror\u201d de los inversores bolivianos fue hacerla p\u00fablica antes de tiempo.<\/p>\n<p style=\"text-align: justify;\">Hasta indicaron que por esa filtraci\u00f3n, dos ejecutivos de la firma japonesa fueron alejados del cargo.<\/p>\n<p style=\"text-align: justify;\">\n","protected":false},"excerpt":{"rendered":"<p>El empresario Orlando Careaga afirm\u00f3 ayer que la mina San Crist\u00f3bal, yacimiento de plata, zinc y plomo que se encuentra en Potos\u00ed, qued\u00f3 en manos de capitales canadienses porque el Gobierno \u201cprefiri\u00f3\u201d a extranjeros porque est\u00e1 \u201cenguerrillado contra Santa Cruz\u201d y no permiti\u00f3 que un empresario boliviano cruce\u00f1o compre las acciones. \u201c(\u00bfCu\u00e1l fue la principal [&hellip;]<\/p>\n","protected":false},"author":4,"featured_media":42919,"comment_status":"open","ping_status":"open","sticky":false,"template":"","format":"standard","meta":{"footnotes":""},"categories":[25],"tags":[],"class_list":{"0":"post-42918","1":"post","2":"type-post","3":"status-publish","4":"format-standard","5":"has-post-thumbnail","7":"category-economia"},"_links":{"self":[{"href":"https:\/\/jms.com.bo\/mediamonitor\/wp-json\/wp\/v2\/posts\/42918","targetHints":{"allow":["GET"]}}],"collection":[{"href":"https:\/\/jms.com.bo\/mediamonitor\/wp-json\/wp\/v2\/posts"}],"about":[{"href":"https:\/\/jms.com.bo\/mediamonitor\/wp-json\/wp\/v2\/types\/post"}],"author":[{"embeddable":true,"href":"https:\/\/jms.com.bo\/mediamonitor\/wp-json\/wp\/v2\/users\/4"}],"replies":[{"embeddable":true,"href":"https:\/\/jms.com.bo\/mediamonitor\/wp-json\/wp\/v2\/comments?post=42918"}],"version-history":[{"count":0,"href":"https:\/\/jms.com.bo\/mediamonitor\/wp-json\/wp\/v2\/posts\/42918\/revisions"}],"wp:featuredmedia":[{"embeddable":true,"href":"https:\/\/jms.com.bo\/mediamonitor\/wp-json\/wp\/v2\/media\/42919"}],"wp:attachment":[{"href":"https:\/\/jms.com.bo\/mediamonitor\/wp-json\/wp\/v2\/media?parent=42918"}],"wp:term":[{"taxonomy":"category","embeddable":true,"href":"https:\/\/jms.com.bo\/mediamonitor\/wp-json\/wp\/v2\/categories?post=42918"},{"taxonomy":"post_tag","embeddable":true,"href":"https:\/\/jms.com.bo\/mediamonitor\/wp-json\/wp\/v2\/tags?post=42918"}],"curies":[{"name":"wp","href":"https:\/\/api.w.org\/{rel}","templated":true}]}}