{"id":42928,"date":"2023-01-30T07:32:21","date_gmt":"2023-01-30T11:32:21","guid":{"rendered":"https:\/\/jms.com.bo\/mediamonitor\/2023\/01\/30\/paises-del-celac-priorizan-integracion-energetica-y-apuntan-a-la-transicion-hacia-fuentes-renovables\/"},"modified":"2023-01-30T07:32:21","modified_gmt":"2023-01-30T11:32:21","slug":"paises-del-celac-priorizan-integracion-energetica-y-apuntan-a-la-transicion-hacia-fuentes-renovables","status":"publish","type":"post","link":"https:\/\/jms.com.bo\/mediamonitor\/2023\/01\/30\/paises-del-celac-priorizan-integracion-energetica-y-apuntan-a-la-transicion-hacia-fuentes-renovables\/","title":{"rendered":"Pa\u00edses del Celac priorizan integraci\u00f3n energ\u00e9tica y apuntan a la transici\u00f3n hacia fuentes renovables"},"content":{"rendered":"<p style=\"text-align: justify;\">Durante la VII Cumbre de la Comunidad de Estados Latinoamericanos y Caribe\u00f1os (Celac), en la que particip\u00f3 el presidente Luis Arce, las jefas y los jefes de Estado acordaron dinamizar el proceso de integraci\u00f3n energ\u00e9tica regional y realizar la transici\u00f3n hacia el uso de energ\u00edas renovables, mediante un amplio consenso, inform\u00f3 este domingo el Ministerio de Hidrocarburos y Energ\u00edas.<\/p>\n<p style=\"text-align: justify;\">Seg\u00fan el reporte de esa cartera, la declaraci\u00f3n, aprobada durante la cumbre celebrada el 24 de enero en Buenos Aires, Argentina, destaca el enorme potencial de fuentes de energ\u00eda renovables de la regi\u00f3n que permiten implementar procesos robustos de transici\u00f3n energ\u00e9tica y econom\u00edas productivas sustentables.<\/p>\n<p style=\"text-align: justify;\">El acuerdo tambi\u00e9n determina avanzar en el proceso de integraci\u00f3n con el apoyo de la Celac, de acuerdo con normativas internas y planificaciones energ\u00e9ticas nacionales, para lograr que los pueblos se beneficien de mayor acceso a la electricidad, a precios m\u00e1s competitivos, en el marco de un mayor desarrollo econ\u00f3mico y social, que permitir\u00e1n potenciar la seguridad y la transici\u00f3n energ\u00e9tica en Am\u00e9rica Latina y el Caribe.<\/p>\n<p style=\"text-align: justify;\">Este proceso de integraci\u00f3n energ\u00e9tica, seg\u00fan establece la declaraci\u00f3n, se efectuar\u00e1 bajo la conducci\u00f3n pol\u00edtica y regulatoria de los gobiernos y sobre la base de di\u00e1logos nacionales fecundos con la sociedad y el sector privado.<\/p>\n<p style=\"text-align: justify;\">Bolivia redujo en 50% el uso del gas para la generaci\u00f3n el\u00e9ctrica y sustituy\u00f3 este combustible con fuentes renovables como la hidroel\u00e9ctrica, e\u00f3lica, solar y biomasa, en el marco de la estrategia nacional de transici\u00f3n energ\u00e9tica.<\/p>\n<p style=\"text-align: justify;\">De acuerdo con datos del Ministerio de Hidrocarburos y Energ\u00edas, a noviembre de 2022, la capacidad instalada de energ\u00edas renovables era de 165 megavatios (MW) de energ\u00eda solar; 135 MW de energ\u00eda e\u00f3lica; 127 MW de energ\u00eda de biomasa y 734 MW de energ\u00eda hidroel\u00e9ctrica.<\/p>\n","protected":false},"excerpt":{"rendered":"<p>Durante la VII Cumbre de la Comunidad de Estados Latinoamericanos y Caribe\u00f1os (Celac), en la que particip\u00f3 el presidente Luis Arce, las jefas y los jefes de Estado acordaron dinamizar el proceso de integraci\u00f3n energ\u00e9tica regional y realizar la transici\u00f3n hacia el uso de energ\u00edas renovables, mediante un amplio consenso, inform\u00f3 este domingo el Ministerio [&hellip;]<\/p>\n","protected":false},"author":4,"featured_media":42929,"comment_status":"open","ping_status":"open","sticky":false,"template":"","format":"standard","meta":{"footnotes":""},"categories":[39,44,48],"tags":[],"class_list":{"0":"post-42928","1":"post","2":"type-post","3":"status-publish","4":"format-standard","5":"has-post-thumbnail","7":"category-energia","8":"category-portada-energia","9":"category-portada-general-sitio"},"_links":{"self":[{"href":"https:\/\/jms.com.bo\/mediamonitor\/wp-json\/wp\/v2\/posts\/42928","targetHints":{"allow":["GET"]}}],"collection":[{"href":"https:\/\/jms.com.bo\/mediamonitor\/wp-json\/wp\/v2\/posts"}],"about":[{"href":"https:\/\/jms.com.bo\/mediamonitor\/wp-json\/wp\/v2\/types\/post"}],"author":[{"embeddable":true,"href":"https:\/\/jms.com.bo\/mediamonitor\/wp-json\/wp\/v2\/users\/4"}],"replies":[{"embeddable":true,"href":"https:\/\/jms.com.bo\/mediamonitor\/wp-json\/wp\/v2\/comments?post=42928"}],"version-history":[{"count":0,"href":"https:\/\/jms.com.bo\/mediamonitor\/wp-json\/wp\/v2\/posts\/42928\/revisions"}],"wp:featuredmedia":[{"embeddable":true,"href":"https:\/\/jms.com.bo\/mediamonitor\/wp-json\/wp\/v2\/media\/42929"}],"wp:attachment":[{"href":"https:\/\/jms.com.bo\/mediamonitor\/wp-json\/wp\/v2\/media?parent=42928"}],"wp:term":[{"taxonomy":"category","embeddable":true,"href":"https:\/\/jms.com.bo\/mediamonitor\/wp-json\/wp\/v2\/categories?post=42928"},{"taxonomy":"post_tag","embeddable":true,"href":"https:\/\/jms.com.bo\/mediamonitor\/wp-json\/wp\/v2\/tags?post=42928"}],"curies":[{"name":"wp","href":"https:\/\/api.w.org\/{rel}","templated":true}]}}