{"id":42984,"date":"2023-01-31T04:04:58","date_gmt":"2023-01-31T08:04:58","guid":{"rendered":"https:\/\/jms.com.bo\/mediamonitor\/2023\/01\/31\/puestos-de-peaje-siguen-cerrados-en-algunas-rutas-de-santa-cruz\/"},"modified":"2023-01-31T04:04:58","modified_gmt":"2023-01-31T08:04:58","slug":"puestos-de-peaje-siguen-cerrados-en-algunas-rutas-de-santa-cruz","status":"publish","type":"post","link":"https:\/\/jms.com.bo\/mediamonitor\/2023\/01\/31\/puestos-de-peaje-siguen-cerrados-en-algunas-rutas-de-santa-cruz\/","title":{"rendered":"Puestos de peaje siguen cerrados en algunas rutas de Santa Cruz"},"content":{"rendered":"<p style=\"font-style: inherit; font-weight: inherit; text-align: justify;\">La intervenci\u00f3n de retenes en el departamento de Santa Cruz, es una de las medidas de presi\u00f3n que a\u00fan persiste como protesta por la detenci\u00f3n del gobernador<strong style=\"font-style: inherit; font-weight: 500 !important;\">\u00a0Luis Fernando Camacho,<\/strong>\u00a0que se ejecut\u00f3 de manera violenta el pasado 28 de diciembre.<\/p>\n<p style=\"font-style: inherit; font-weight: inherit; text-align: justify;\"><strong style=\"font-style: inherit; font-weight: 500 !important;\">En el tramo Concepci\u00f3n-Santa Cruz<\/strong>, el \u00fanico ret\u00e9n en funcionamiento es el que se encuentra en Los Troncos; los dem\u00e1s contin\u00faan inhabilitados, incluidos los que hay en la carretera Los Troncos-Okinawa-Montero. Lo mismo sucede en la ruta a Guarayos.<\/p>\n<p style=\"font-style: inherit; font-weight: inherit; text-align: justify;\"><span style=\"font-style: inherit; font-weight: inherit;\">\u00abNo se paga peaje hasta que\u00a0<strong style=\"font-style: inherit; font-weight: 500 !important;\">liberen al gobernador\u00bb,<\/strong>\u00a0se lee en la tranca de Concepci\u00f3n. \u00abEsta medida de desobediencia civil asumida por la institucionalidad cruce\u00f1a, le genera grandes p\u00e9rdidas econ\u00f3micas al Estado\u00bb, afirm\u00f3 el abogado\u00a0Samuel Moreno.<\/span><\/p>\n<p style=\"font-style: inherit; font-weight: inherit; text-align: justify;\"><em style=\"font-style: inherit; font-weight: 300;\">Letrero pegado en una de las casetas \/ Foto: Jorge Huanca<\/em><\/p>\n<p style=\"font-style: inherit; font-weight: inherit; text-align: justify;\">\u00abHay una p\u00e9rdida enorme de recaudaci\u00f3n en favor del Estado. Sin embargo, es una forma de protesta y de disconformidad que tiene el pueblo cruce\u00f1o por la mala administraci\u00f3n de justicia y la forma de c\u00f3mo fue aprehendido el gobernador\u00bb, explic\u00f3 Moreno.<em><br \/>\n<\/em><\/p>\n<p style=\"font-style: inherit; font-weight: inherit; text-align: justify;\"><span style=\"font-style: inherit; font-weight: inherit;\">Es importante destacar que debido al cierre la totalidad de los puntos de cobro de peaje est\u00e1n cerrados y el Estado pierde miles de bolivianos al d\u00eda por el tr\u00e1nsito de motorizados en las diferentes rutas.<\/span><\/p>\n","protected":false},"excerpt":{"rendered":"<p>La intervenci\u00f3n de retenes en el departamento de Santa Cruz, es una de las medidas de presi\u00f3n que a\u00fan persiste como protesta por la detenci\u00f3n del gobernador\u00a0Luis Fernando Camacho,\u00a0que se ejecut\u00f3 de manera violenta el pasado 28 de diciembre. En el tramo Concepci\u00f3n-Santa Cruz, el \u00fanico ret\u00e9n en funcionamiento es el que se encuentra en [&hellip;]<\/p>\n","protected":false},"author":1,"featured_media":42985,"comment_status":"open","ping_status":"open","sticky":false,"template":"","format":"standard","meta":{"footnotes":""},"categories":[49],"tags":[],"class_list":{"0":"post-42984","1":"post","2":"type-post","3":"status-publish","4":"format-standard","5":"has-post-thumbnail","7":"category-social"},"_links":{"self":[{"href":"https:\/\/jms.com.bo\/mediamonitor\/wp-json\/wp\/v2\/posts\/42984","targetHints":{"allow":["GET"]}}],"collection":[{"href":"https:\/\/jms.com.bo\/mediamonitor\/wp-json\/wp\/v2\/posts"}],"about":[{"href":"https:\/\/jms.com.bo\/mediamonitor\/wp-json\/wp\/v2\/types\/post"}],"author":[{"embeddable":true,"href":"https:\/\/jms.com.bo\/mediamonitor\/wp-json\/wp\/v2\/users\/1"}],"replies":[{"embeddable":true,"href":"https:\/\/jms.com.bo\/mediamonitor\/wp-json\/wp\/v2\/comments?post=42984"}],"version-history":[{"count":0,"href":"https:\/\/jms.com.bo\/mediamonitor\/wp-json\/wp\/v2\/posts\/42984\/revisions"}],"wp:featuredmedia":[{"embeddable":true,"href":"https:\/\/jms.com.bo\/mediamonitor\/wp-json\/wp\/v2\/media\/42985"}],"wp:attachment":[{"href":"https:\/\/jms.com.bo\/mediamonitor\/wp-json\/wp\/v2\/media?parent=42984"}],"wp:term":[{"taxonomy":"category","embeddable":true,"href":"https:\/\/jms.com.bo\/mediamonitor\/wp-json\/wp\/v2\/categories?post=42984"},{"taxonomy":"post_tag","embeddable":true,"href":"https:\/\/jms.com.bo\/mediamonitor\/wp-json\/wp\/v2\/tags?post=42984"}],"curies":[{"name":"wp","href":"https:\/\/api.w.org\/{rel}","templated":true}]}}