{"id":42986,"date":"2023-01-31T04:06:17","date_gmt":"2023-01-31T08:06:17","guid":{"rendered":"https:\/\/jms.com.bo\/mediamonitor\/2023\/01\/31\/detienen-a-un-boliviano-que-cruzo-la-frontera-irregularmente-y-llevaba-viveres-para-manifestantes\/"},"modified":"2023-01-31T04:06:17","modified_gmt":"2023-01-31T08:06:17","slug":"detienen-a-un-boliviano-que-cruzo-la-frontera-irregularmente-y-llevaba-viveres-para-manifestantes","status":"publish","type":"post","link":"https:\/\/jms.com.bo\/mediamonitor\/2023\/01\/31\/detienen-a-un-boliviano-que-cruzo-la-frontera-irregularmente-y-llevaba-viveres-para-manifestantes\/","title":{"rendered":"Detienen a un boliviano que cruz\u00f3 la frontera irregularmente y llevaba v\u00edveres para manifestantes"},"content":{"rendered":"<div>\n<p style=\"text-align: justify;\">La Polic\u00eda Nacional del Per\u00fa (PNP) detuvo a un conductor boliviano cuando\u00a0<strong>\u201ctrasladaba v\u00edveres para abastecer a manifestantes<\/strong>\u00a0que bloqueaban varios tramos de la carretera Panamericana Sur, en la zona conocida como El \u00c1lamo\u201d, seg\u00fan un reporte oficial.<\/p>\n<\/div>\n<div style=\"text-align: justify;\">\n<p>De acuerdo con la Polic\u00eda de ese pa\u00eds, Luis Fernando A. R. conduc\u00eda un veh\u00edculo con matr\u00edcula boliviana sin SOAT ni la licencia para el uso de vidrios polarizados.<\/p>\n<\/div>\n<div style=\"text-align: justify;\">\n<p>\u201cDurante la intervenci\u00f3n se corrobor\u00f3, adem\u00e1s, que<strong>\u00a0no contaba con su Tarjeta\u00a0<\/strong>Andina de Migraci\u00f3n<strong>\u00a0para ingresar al Per\u00fa\u201d,<\/strong>\u00a0indica el reporte. La indagaci\u00f3n policial detect\u00f3 el ingreso irregular al pa\u00eds. Tambi\u00e9n se recab\u00f3 informaci\u00f3n sobre un ingreso anterior en noviembre de 2019, seg\u00fan registros de Migraciones.<\/p>\n<\/div>\n<div>\n<p style=\"text-align: justify;\">De acuerdo con la informaci\u00f3n policial, el veh\u00edculo del boliviano s\u00ed contaba con autorizaci\u00f3n de la Superintendencia Nacional de Aduanas y de Administraci\u00f3n Tributaria (Sunat) para circular en territorio peruano.\u00a0\u00a0La PNP remiti\u00f3 este caso a una dependencia de Seguridad del Estado.<\/p>\n<\/div>\n","protected":false},"excerpt":{"rendered":"<p>La Polic\u00eda Nacional del Per\u00fa (PNP) detuvo a un conductor boliviano cuando\u00a0\u201ctrasladaba v\u00edveres para abastecer a manifestantes\u00a0que bloqueaban varios tramos de la carretera Panamericana Sur, en la zona conocida como El \u00c1lamo\u201d, seg\u00fan un reporte oficial. De acuerdo con la Polic\u00eda de ese pa\u00eds, Luis Fernando A. R. conduc\u00eda un veh\u00edculo con matr\u00edcula boliviana sin [&hellip;]<\/p>\n","protected":false},"author":1,"featured_media":42987,"comment_status":"open","ping_status":"open","sticky":false,"template":"","format":"standard","meta":{"footnotes":""},"categories":[49],"tags":[],"class_list":{"0":"post-42986","1":"post","2":"type-post","3":"status-publish","4":"format-standard","5":"has-post-thumbnail","7":"category-social"},"_links":{"self":[{"href":"https:\/\/jms.com.bo\/mediamonitor\/wp-json\/wp\/v2\/posts\/42986","targetHints":{"allow":["GET"]}}],"collection":[{"href":"https:\/\/jms.com.bo\/mediamonitor\/wp-json\/wp\/v2\/posts"}],"about":[{"href":"https:\/\/jms.com.bo\/mediamonitor\/wp-json\/wp\/v2\/types\/post"}],"author":[{"embeddable":true,"href":"https:\/\/jms.com.bo\/mediamonitor\/wp-json\/wp\/v2\/users\/1"}],"replies":[{"embeddable":true,"href":"https:\/\/jms.com.bo\/mediamonitor\/wp-json\/wp\/v2\/comments?post=42986"}],"version-history":[{"count":0,"href":"https:\/\/jms.com.bo\/mediamonitor\/wp-json\/wp\/v2\/posts\/42986\/revisions"}],"wp:featuredmedia":[{"embeddable":true,"href":"https:\/\/jms.com.bo\/mediamonitor\/wp-json\/wp\/v2\/media\/42987"}],"wp:attachment":[{"href":"https:\/\/jms.com.bo\/mediamonitor\/wp-json\/wp\/v2\/media?parent=42986"}],"wp:term":[{"taxonomy":"category","embeddable":true,"href":"https:\/\/jms.com.bo\/mediamonitor\/wp-json\/wp\/v2\/categories?post=42986"},{"taxonomy":"post_tag","embeddable":true,"href":"https:\/\/jms.com.bo\/mediamonitor\/wp-json\/wp\/v2\/tags?post=42986"}],"curies":[{"name":"wp","href":"https:\/\/api.w.org\/{rel}","templated":true}]}}