{"id":42991,"date":"2023-01-31T04:09:55","date_gmt":"2023-01-31T08:09:55","guid":{"rendered":"https:\/\/jms.com.bo\/mediamonitor\/2023\/01\/31\/oms-mantiene-el-nivel-maximo-de-alerta-para-la-pandemia-de-covid-19\/"},"modified":"2023-01-31T04:09:55","modified_gmt":"2023-01-31T08:09:55","slug":"oms-mantiene-el-nivel-maximo-de-alerta-para-la-pandemia-de-covid-19","status":"publish","type":"post","link":"https:\/\/jms.com.bo\/mediamonitor\/2023\/01\/31\/oms-mantiene-el-nivel-maximo-de-alerta-para-la-pandemia-de-covid-19\/","title":{"rendered":"OMS mantiene el nivel m\u00e1ximo de alerta para la pandemia de Covid-19"},"content":{"rendered":"<p style=\"text-align: justify;\">La\u00a0<a href=\"https:\/\/www.dw.com\/es\/oms\/t-36416658\" target=\"_blank\" rel=\"external noopener noreferrer\" data-wpel-link=\"external\">Organizaci\u00f3n Mundial de la Salud<\/a>\u00a0(OMS) anunci\u00f3 este lunes (30.01.2023) que manten\u00eda el nivel m\u00e1ximo de alerta para la pandemia de\u00a0<a href=\"https:\/\/www.dw.com\/es\/covid-19\/t-52664133\" target=\"_blank\" rel=\"external noopener noreferrer\" data-wpel-link=\"external\">covid-19<\/a>, exactamente tres a\u00f1os despu\u00e9s de haber declarado la enfermedad como urgencia de salud p\u00fablica internacional.<\/p>\n<p style=\"text-align: justify;\">El anuncio se produce luego de que el director general del organismo Tedros Adhanom Ghebreyesus siguiera las recomendaciones del comit\u00e9 de urgencia sobre el coronavirus, compuesto por expertos que se reunieron el viernes, seg\u00fan un comunicado.<\/p>\n<p style=\"text-align: justify;\">\u00abAl entrar en el cuarto a\u00f1o de la pandemia, no hay duda de que estamos en una situaci\u00f3n mucho mejor ahora que hace un a\u00f1o, cuando la ola de \u00f3micron estaba en su apogeo\u00bb,\u00a0declar\u00f3 Tedros a la junta ejecutiva de la OMS en Ginebra este\u00a0lunes.<\/p>\n<p style=\"text-align: justify;\">Sin embargo, \u00abdesde principios de diciembre, las muertes reportadas semanalmente han ido en aumento\u00bb y \u00aben las \u00faltimas ocho semanas, m\u00e1s de 170.000 personas han perdido la vida a causa del covid-19\u00bb, agreg\u00f3.<\/p>\n<p style=\"text-align: justify;\">El comit\u00e9 declar\u00f3 la epidemia de covid-19\u00a0<a href=\"https:\/\/www.dw.com\/es\/la-oms-eleva-a-nivel-alto-amenaza-mundial-ante-coronavirus\/a-52169263\" target=\"_blank\" rel=\"external noopener noreferrer\" data-wpel-link=\"external\">como una emergencia de salud p\u00fablica mundial<\/a>\u00a0el 30 de enero de 2020, en momentos en que no se hab\u00eda registrado a\u00fan ning\u00fan deceso sobre apenas 100 casos fuera de China.<\/p>\n<p style=\"text-align: justify;\">Seg\u00fan cifras de la OMS, el covid-19 ha provocado oficialmente 6.804.491 muertes hasta el 27 de enero, aunque la organizaci\u00f3n y los expertos est\u00e1n de acuerdo en decir que el n\u00famero de decesos es mucho m\u00e1s alto.<\/p>\n","protected":false},"excerpt":{"rendered":"<p>La\u00a0Organizaci\u00f3n Mundial de la Salud\u00a0(OMS) anunci\u00f3 este lunes (30.01.2023) que manten\u00eda el nivel m\u00e1ximo de alerta para la pandemia de\u00a0covid-19, exactamente tres a\u00f1os despu\u00e9s de haber declarado la enfermedad como urgencia de salud p\u00fablica internacional. El anuncio se produce luego de que el director general del organismo Tedros Adhanom Ghebreyesus siguiera las recomendaciones del comit\u00e9 [&hellip;]<\/p>\n","protected":false},"author":1,"featured_media":42992,"comment_status":"open","ping_status":"open","sticky":false,"template":"","format":"standard","meta":{"footnotes":""},"categories":[53],"tags":[],"class_list":{"0":"post-42991","1":"post","2":"type-post","3":"status-publish","4":"format-standard","5":"has-post-thumbnail","7":"category-salud"},"_links":{"self":[{"href":"https:\/\/jms.com.bo\/mediamonitor\/wp-json\/wp\/v2\/posts\/42991","targetHints":{"allow":["GET"]}}],"collection":[{"href":"https:\/\/jms.com.bo\/mediamonitor\/wp-json\/wp\/v2\/posts"}],"about":[{"href":"https:\/\/jms.com.bo\/mediamonitor\/wp-json\/wp\/v2\/types\/post"}],"author":[{"embeddable":true,"href":"https:\/\/jms.com.bo\/mediamonitor\/wp-json\/wp\/v2\/users\/1"}],"replies":[{"embeddable":true,"href":"https:\/\/jms.com.bo\/mediamonitor\/wp-json\/wp\/v2\/comments?post=42991"}],"version-history":[{"count":0,"href":"https:\/\/jms.com.bo\/mediamonitor\/wp-json\/wp\/v2\/posts\/42991\/revisions"}],"wp:featuredmedia":[{"embeddable":true,"href":"https:\/\/jms.com.bo\/mediamonitor\/wp-json\/wp\/v2\/media\/42992"}],"wp:attachment":[{"href":"https:\/\/jms.com.bo\/mediamonitor\/wp-json\/wp\/v2\/media?parent=42991"}],"wp:term":[{"taxonomy":"category","embeddable":true,"href":"https:\/\/jms.com.bo\/mediamonitor\/wp-json\/wp\/v2\/categories?post=42991"},{"taxonomy":"post_tag","embeddable":true,"href":"https:\/\/jms.com.bo\/mediamonitor\/wp-json\/wp\/v2\/tags?post=42991"}],"curies":[{"name":"wp","href":"https:\/\/api.w.org\/{rel}","templated":true}]}}