{"id":43009,"date":"2023-01-31T04:22:54","date_gmt":"2023-01-31T08:22:54","guid":{"rendered":"https:\/\/jms.com.bo\/mediamonitor\/2023\/01\/31\/este-martes-se-instala-el-juicio-oral-por-robo-en-cotas-el-proceso-durara-seis-meses\/"},"modified":"2023-01-31T04:22:54","modified_gmt":"2023-01-31T08:22:54","slug":"este-martes-se-instala-el-juicio-oral-por-robo-en-cotas-el-proceso-durara-seis-meses","status":"publish","type":"post","link":"https:\/\/jms.com.bo\/mediamonitor\/2023\/01\/31\/este-martes-se-instala-el-juicio-oral-por-robo-en-cotas-el-proceso-durara-seis-meses\/","title":{"rendered":"Este martes se instala el juicio oral por robo en Cotas, el proceso durar\u00e1 seis meses"},"content":{"rendered":"<div>\n<p style=\"text-align: justify;\">Despu\u00e9s de que dos auditorias determinar\u00e1n un da\u00f1o econ\u00f3mico de $us 22,5 millones en la Cooperativa de Telecomunicaciones de Santa Cruz (Cotas), este martes comenzar\u00e1 el juicio oral por caso Cotas en Cuotas.<strong>\u00a0El proceso entra en etapa final despu\u00e9s de casi cinco a\u00f1os<\/strong>\u00a0de revelarse el millonario desfalco.<\/p>\n<\/div>\n<div style=\"text-align: justify;\">\n<p>El programa Cotas en Cuotas era una iniciativa para fidelizar a los socios y usuarios. Mediante este servicio, pod\u00edan acceder a productos como televisores, computadoras y dem\u00e1s art\u00edculos relacionados a los servicios que da el empresa. Para que esto sea posible solo necesitan realizar una solicitud y el costo del producto era anexado a la boleta de pago.<\/p>\n<\/div>\n<div style=\"text-align: justify;\">\n<p>No obstante, seg\u00fan las auditorias, exfuncionarios de la cooperativa realizaron solicitudes ficticias y terminaron desviando estos productos para direccionarlos al mercado negro. Es decir, la cooperativa pag\u00f3 por equipos que nunca llegaron a sus usuarios.<\/p>\n<\/div>\n<div style=\"text-align: justify;\">\n<p>En este contexto, se prev\u00e9 que este martes 31 de enero, a las 11:30 am, se realice la audiencia que dar\u00e1 inicio al juicio oral por el caso Cotas en Cuotas. El juez d\u00e9cimo quinto de instrucci\u00f3n en lo penal, Alberto Moreira, dirigir\u00e1 la audiencia.<\/p>\n<\/div>\n<div style=\"text-align: justify;\">\n<p>Mediante un comunicado de prensa compartido por la cooperativa, Cotas espera una<strong>\u00a0sentencia condenatoria contra los cuatro acusados<\/strong>\u00a0por las irregularidades en el programa \u201cCotas en Cuotas\u201d.<\/p>\n<\/div>\n<div style=\"text-align: justify;\">\n<p>En el proceso investigativo se determin\u00f3 que los acusados fueron responsables del desfalco a la instituci\u00f3n, hecho que afect\u00f3 a los asociados de Cotas.<\/p>\n<\/div>\n<div style=\"text-align: justify;\">\n<p>\u201c<strong>Como resultado de los hallazgos irregulares dentro del Programa \u201cCotas en Cuotas<\/strong>\u201d, la cooperativa formaliz\u00f3 la denuncia ante el Ministerio P\u00fablico\u201d, se\u00f1ala Cotas en su comunicado.<\/p>\n<\/div>\n<div style=\"text-align: justify;\">\n<p>Seg\u00fan la cooperativa, este proceso penal determinar\u00e1 la situaci\u00f3n de los cuatro imputados y, de ser declarados culpables, establecer\u00e1 los montos que \u00e9stos deber\u00e1n devolver a la instituci\u00f3n el resarcimiento por el da\u00f1o econ\u00f3mico.<\/p>\n<\/div>\n<div style=\"text-align: justify;\">\n<p>\u201cHace un a\u00f1o y medio que COTAS se mantiene firme en la labor de fortalecer la institucionalidad para finalizar la etapa m\u00e1s dif\u00edcil que ha vivido la cooperativa. Ha facilitado las acciones legales al Ministerio P\u00fablico en este proceso, para que pueda culminar con una sentencia ejecutoriada; y de este modo se pueda iniciar los procesos necesarios para la recuperaci\u00f3n de los fondos de la cooperativa\u201d, dijo la entidad.<\/p>\n<\/div>\n<div style=\"text-align: justify;\">\n<p>Las dos autoridades realizadas por orden de la Autoridad de Fiscalizaci\u00f3n y Control de Cooperativas (Afcoop) determinaron que incluso exdirectivos de Cotas estuvieron involucrados en este robo.<\/p>\n<\/div>\n<div style=\"text-align: justify;\">\n<p>El 27 de marzo, EL DEBER public\u00f3 un reporte donde se exponen los resultados de la auditor\u00eda correspondiente a las gestiones 2017-2018. Este informe, que fue realizado por la empresa Asimco S.R.L, determin\u00f3 que el da\u00f1o lleg\u00f3 a los $us 14,5 millones, lo que equivale a Bs 115,5 millones.<\/p>\n<\/div>\n<div style=\"text-align: justify;\">\n<p>El 22 de mayo, EL DEBER dio a conocer el resultado de una segunda auditor\u00eda que examin\u00f3 los n\u00fameros de Cotas entre 2010 y 2016. Este proceso fue realizado por la empresa la empresa Sidecaf.<\/p>\n<\/div>\n<div>\n<p style=\"text-align: justify;\">\u00ab<strong>Existen indicios de responsabilidad civil solidaria en el importe total de Bs 54.710.389 equivalente a $us 7.860.688,07<\/strong>, de los funcionarios y ex funcionarios de Cotas R.L. que participaron en las operaciones irregulares, as\u00ed como del gerente general, del presidente y del tesorero del Consejo de Administraci\u00f3n por falta de control y por firmar los cheques dando curso a los pagos irregulares\u201d, sostiene el documento al que accedi\u00f3 EL DEBER.<\/p>\n<\/div>\n","protected":false},"excerpt":{"rendered":"<p>Despu\u00e9s de que dos auditorias determinar\u00e1n un da\u00f1o econ\u00f3mico de $us 22,5 millones en la Cooperativa de Telecomunicaciones de Santa Cruz (Cotas), este martes comenzar\u00e1 el juicio oral por caso Cotas en Cuotas.\u00a0El proceso entra en etapa final despu\u00e9s de casi cinco a\u00f1os\u00a0de revelarse el millonario desfalco. El programa Cotas en Cuotas era una iniciativa [&hellip;]<\/p>\n","protected":false},"author":1,"featured_media":43010,"comment_status":"open","ping_status":"open","sticky":false,"template":"","format":"standard","meta":{"footnotes":""},"categories":[20,47,48],"tags":[],"class_list":{"0":"post-43009","1":"post","2":"type-post","3":"status-publish","4":"format-standard","5":"has-post-thumbnail","7":"category-actualidad","8":"category-portada-actualidad","9":"category-portada-general-sitio"},"_links":{"self":[{"href":"https:\/\/jms.com.bo\/mediamonitor\/wp-json\/wp\/v2\/posts\/43009","targetHints":{"allow":["GET"]}}],"collection":[{"href":"https:\/\/jms.com.bo\/mediamonitor\/wp-json\/wp\/v2\/posts"}],"about":[{"href":"https:\/\/jms.com.bo\/mediamonitor\/wp-json\/wp\/v2\/types\/post"}],"author":[{"embeddable":true,"href":"https:\/\/jms.com.bo\/mediamonitor\/wp-json\/wp\/v2\/users\/1"}],"replies":[{"embeddable":true,"href":"https:\/\/jms.com.bo\/mediamonitor\/wp-json\/wp\/v2\/comments?post=43009"}],"version-history":[{"count":0,"href":"https:\/\/jms.com.bo\/mediamonitor\/wp-json\/wp\/v2\/posts\/43009\/revisions"}],"wp:featuredmedia":[{"embeddable":true,"href":"https:\/\/jms.com.bo\/mediamonitor\/wp-json\/wp\/v2\/media\/43010"}],"wp:attachment":[{"href":"https:\/\/jms.com.bo\/mediamonitor\/wp-json\/wp\/v2\/media?parent=43009"}],"wp:term":[{"taxonomy":"category","embeddable":true,"href":"https:\/\/jms.com.bo\/mediamonitor\/wp-json\/wp\/v2\/categories?post=43009"},{"taxonomy":"post_tag","embeddable":true,"href":"https:\/\/jms.com.bo\/mediamonitor\/wp-json\/wp\/v2\/tags?post=43009"}],"curies":[{"name":"wp","href":"https:\/\/api.w.org\/{rel}","templated":true}]}}