{"id":43013,"date":"2023-01-31T04:25:51","date_gmt":"2023-01-31T08:25:51","guid":{"rendered":"https:\/\/jms.com.bo\/mediamonitor\/2023\/01\/31\/diputado-evista-cree-que-detencion-de-camacho-fue-para-lavar-imagen-de-lima-y-de-del-castillo\/"},"modified":"2023-01-31T04:25:51","modified_gmt":"2023-01-31T08:25:51","slug":"diputado-evista-cree-que-detencion-de-camacho-fue-para-lavar-imagen-de-lima-y-de-del-castillo","status":"publish","type":"post","link":"https:\/\/jms.com.bo\/mediamonitor\/2023\/01\/31\/diputado-evista-cree-que-detencion-de-camacho-fue-para-lavar-imagen-de-lima-y-de-del-castillo\/","title":{"rendered":"Diputado \u00abevista\u00bb cree que detenci\u00f3n de Camacho fue para lavar imagen de Lima y de Del Castillo"},"content":{"rendered":"<p>El diputado Gualberto Arispe de la facci\u00f3n \u201cevista\u201d tiene dos hip\u00f3tesis sobre la detenci\u00f3n del gobernador de Santa Cruz, Luis Fernando Camacho, la primera, que el Gobierno cedi\u00f3 a la presi\u00f3n de las organizaciones sociales, y segundo, que fue para lavar la imagen de los \u201cmalos\u201d ministro del gobierno de Luis Arce.<\/p>\n<p>&nbsp;<\/p>\n<p>\u201cPrimero que el Gobierno nacional ha recibido muchas exigencias de sectores sociales, v\u00edctimas quienes han perdido la vida en Sacaba y Senkata, ante ese pedido, casi por la fuerza, lo detienen\u201d, sostuvo Arispe en rueda de prensa.<\/p>\n<p>Pero tambi\u00e9n, cree que la detenci\u00f3n de la autoridad departamental cruce\u00f1a fue para \u201clavar la mala imagen del ministro de Gobierno y de Justicia\u201d, en relaci\u00f3n con Eduardo Del Castillo e Iv\u00e1n Lima.<\/p>\n<p>El legislador insisti\u00f3 que podr\u00eda atribuirse a una decisi\u00f3n gubernamental para \u201clavar la imagen de los malos acompa\u00f1antes del presidente Lucho Arce\u201d; sin embargo, observ\u00f3 \u201ctodos estos privilegios\u201d que tiene Camacho, lo que no tiene el resto de la poblaci\u00f3n carcelaria.<\/p>\n<p>Arispe tambi\u00e9n aleg\u00f3 que pareciera que se pretende \u201clevantar la imagen de Luis Fernando Camacho\u00bb, cuando Lima primero dijo que se deber\u00eda ir a una nueva elecci\u00f3n en Santa Cruz, pero luego le permiten gobernar desde Chonchocoro.<\/p>\n","protected":false},"excerpt":{"rendered":"<p>El diputado Gualberto Arispe de la facci\u00f3n \u201cevista\u201d tiene dos hip\u00f3tesis sobre la detenci\u00f3n del gobernador de Santa Cruz, Luis Fernando Camacho, la primera, que el Gobierno cedi\u00f3 a la presi\u00f3n de las organizaciones sociales, y segundo, que fue para lavar la imagen de los \u201cmalos\u201d ministro del gobierno de Luis Arce. &nbsp; \u201cPrimero que [&hellip;]<\/p>\n","protected":false},"author":1,"featured_media":43014,"comment_status":"open","ping_status":"open","sticky":false,"template":"","format":"standard","meta":{"footnotes":""},"categories":[18],"tags":[],"class_list":{"0":"post-43013","1":"post","2":"type-post","3":"status-publish","4":"format-standard","5":"has-post-thumbnail","7":"category-politica"},"_links":{"self":[{"href":"https:\/\/jms.com.bo\/mediamonitor\/wp-json\/wp\/v2\/posts\/43013","targetHints":{"allow":["GET"]}}],"collection":[{"href":"https:\/\/jms.com.bo\/mediamonitor\/wp-json\/wp\/v2\/posts"}],"about":[{"href":"https:\/\/jms.com.bo\/mediamonitor\/wp-json\/wp\/v2\/types\/post"}],"author":[{"embeddable":true,"href":"https:\/\/jms.com.bo\/mediamonitor\/wp-json\/wp\/v2\/users\/1"}],"replies":[{"embeddable":true,"href":"https:\/\/jms.com.bo\/mediamonitor\/wp-json\/wp\/v2\/comments?post=43013"}],"version-history":[{"count":0,"href":"https:\/\/jms.com.bo\/mediamonitor\/wp-json\/wp\/v2\/posts\/43013\/revisions"}],"wp:featuredmedia":[{"embeddable":true,"href":"https:\/\/jms.com.bo\/mediamonitor\/wp-json\/wp\/v2\/media\/43014"}],"wp:attachment":[{"href":"https:\/\/jms.com.bo\/mediamonitor\/wp-json\/wp\/v2\/media?parent=43013"}],"wp:term":[{"taxonomy":"category","embeddable":true,"href":"https:\/\/jms.com.bo\/mediamonitor\/wp-json\/wp\/v2\/categories?post=43013"},{"taxonomy":"post_tag","embeddable":true,"href":"https:\/\/jms.com.bo\/mediamonitor\/wp-json\/wp\/v2\/tags?post=43013"}],"curies":[{"name":"wp","href":"https:\/\/api.w.org\/{rel}","templated":true}]}}