{"id":43015,"date":"2023-01-31T04:27:30","date_gmt":"2023-01-31T08:27:30","guid":{"rendered":"https:\/\/jms.com.bo\/mediamonitor\/2023\/01\/31\/cc-presenta-denuncia-penal-contra-el-ministro-montano-por-evadir-interpelacion-por-el-caso-boa\/"},"modified":"2023-01-31T04:27:30","modified_gmt":"2023-01-31T08:27:30","slug":"cc-presenta-denuncia-penal-contra-el-ministro-montano-por-evadir-interpelacion-por-el-caso-boa","status":"publish","type":"post","link":"https:\/\/jms.com.bo\/mediamonitor\/2023\/01\/31\/cc-presenta-denuncia-penal-contra-el-ministro-montano-por-evadir-interpelacion-por-el-caso-boa\/","title":{"rendered":"CC presenta denuncia penal contra el ministro Monta\u00f1o por evadir interpelaci\u00f3n por el caso BoA"},"content":{"rendered":"<p style=\"text-align: justify;\">La bancada de senadores de Comunidad Ciudadana (CC) present\u00f3 este lunes una denuncia penal contra el ministro de Obras P\u00fablicas, \u00c9dgar Monta\u00f1o, a quien acusa de evadir su responsabilidad de presentarse a informe oral e interpelaci\u00f3n para responder por las irregularidades en el servicio \u00a0de Boliviana de Aviaci\u00f3n (BoA).<\/p>\n<p style=\"text-align: justify;\">La denuncia, presentada en la ciudad de Sucre, es por el delito de incumplimiento de deberes.<\/p>\n<p style=\"text-align: justify;\">En su memorial, los senadores recordaron que Monta\u00f1o no se present\u00f3 al informe oral para el que fue convocado por el servicio de BoA, por lo cual se solicit\u00f3 su interpelaci\u00f3n.<\/p>\n<p style=\"text-align: justify;\">En informe oral deb\u00eda ser el 2 de junio, pero el Ministro aleg\u00f3 que ten\u00eda una \u201cagenda recargada\u201d y pidi\u00f3 postergarla para el 30 de junio. Despu\u00e9s, con el mismo argumento, la autoridad solicit\u00f3 otra postergaci\u00f3n hasta el 28 de julio.<\/p>\n<p style=\"text-align: justify;\">Como los opositores consideraron injustificada la ausencia del Ministro, solicitaron su interoperaci\u00f3n, la misma que fu fijada para octubre de 2022. Sin embargo, el acto interpelatorio fue postergado a pedido del Ministro hasta el 18 de enero. Este a\u00f1o, se volvi\u00f3 a suspender la interpelaci\u00f3n.<\/p>\n<p style=\"text-align: justify;\">Los senadores de CC observaron que con cuatro postergaciones existe una intenci\u00f3n del Ministro de retrasar e incumplir su obligaci\u00f3n, por lo cual decidieron realizar la denuncia penal.<\/p>\n<p style=\"text-align: justify;\">El senador Santiago Ticona se\u00f1al\u00f3 que se ha pedido el informe a Monta\u00f1o debido a las quejas sobre el servicio de BoA, debido a que incumple horarios, adem\u00e1s de los incidentes de seguridad de la empresa estatal.<\/p>\n","protected":false},"excerpt":{"rendered":"<p>La bancada de senadores de Comunidad Ciudadana (CC) present\u00f3 este lunes una denuncia penal contra el ministro de Obras P\u00fablicas, \u00c9dgar Monta\u00f1o, a quien acusa de evadir su responsabilidad de presentarse a informe oral e interpelaci\u00f3n para responder por las irregularidades en el servicio \u00a0de Boliviana de Aviaci\u00f3n (BoA). La denuncia, presentada en la ciudad [&hellip;]<\/p>\n","protected":false},"author":1,"featured_media":43016,"comment_status":"open","ping_status":"open","sticky":false,"template":"","format":"standard","meta":{"footnotes":""},"categories":[18],"tags":[],"class_list":{"0":"post-43015","1":"post","2":"type-post","3":"status-publish","4":"format-standard","5":"has-post-thumbnail","7":"category-politica"},"_links":{"self":[{"href":"https:\/\/jms.com.bo\/mediamonitor\/wp-json\/wp\/v2\/posts\/43015","targetHints":{"allow":["GET"]}}],"collection":[{"href":"https:\/\/jms.com.bo\/mediamonitor\/wp-json\/wp\/v2\/posts"}],"about":[{"href":"https:\/\/jms.com.bo\/mediamonitor\/wp-json\/wp\/v2\/types\/post"}],"author":[{"embeddable":true,"href":"https:\/\/jms.com.bo\/mediamonitor\/wp-json\/wp\/v2\/users\/1"}],"replies":[{"embeddable":true,"href":"https:\/\/jms.com.bo\/mediamonitor\/wp-json\/wp\/v2\/comments?post=43015"}],"version-history":[{"count":0,"href":"https:\/\/jms.com.bo\/mediamonitor\/wp-json\/wp\/v2\/posts\/43015\/revisions"}],"wp:featuredmedia":[{"embeddable":true,"href":"https:\/\/jms.com.bo\/mediamonitor\/wp-json\/wp\/v2\/media\/43016"}],"wp:attachment":[{"href":"https:\/\/jms.com.bo\/mediamonitor\/wp-json\/wp\/v2\/media?parent=43015"}],"wp:term":[{"taxonomy":"category","embeddable":true,"href":"https:\/\/jms.com.bo\/mediamonitor\/wp-json\/wp\/v2\/categories?post=43015"},{"taxonomy":"post_tag","embeddable":true,"href":"https:\/\/jms.com.bo\/mediamonitor\/wp-json\/wp\/v2\/tags?post=43015"}],"curies":[{"name":"wp","href":"https:\/\/api.w.org\/{rel}","templated":true}]}}