{"id":43017,"date":"2023-01-31T04:28:07","date_gmt":"2023-01-31T08:28:07","guid":{"rendered":"https:\/\/jms.com.bo\/mediamonitor\/2023\/01\/31\/sur-peruano-reporta-dia-27-de-paro-seco-y-diputado-del-mas-dice-que-no-corresponde-militarizar\/"},"modified":"2023-01-31T04:28:07","modified_gmt":"2023-01-31T08:28:07","slug":"sur-peruano-reporta-dia-27-de-paro-seco-y-diputado-del-mas-dice-que-no-corresponde-militarizar","status":"publish","type":"post","link":"https:\/\/jms.com.bo\/mediamonitor\/2023\/01\/31\/sur-peruano-reporta-dia-27-de-paro-seco-y-diputado-del-mas-dice-que-no-corresponde-militarizar\/","title":{"rendered":"Sur peruano reporta d\u00eda 27 de paro seco y diputado del MAS dice que no corresponde militarizar"},"content":{"rendered":"<div>\n<p style=\"text-align: justify;\">Todas las regiones del sur del Per\u00fa\u00a0<b>cumplieron este lunes el d\u00eda 27 de paro seco\u00a0<\/b>que impulsan en esta zona los campesinos de ese pa\u00eds. Desde\u00a0 Bolivia, el diputado alte\u00f1o, Juanito Angulo (MAS), declar\u00f3 que no corresponde la movilizaci\u00f3n de tropas que se realiza en ese pa\u00eds hacia la frontera con Bolivia.<\/p>\n<\/div>\n<div style=\"text-align: justify;\"><\/div>\n<div style=\"text-align: justify;\">\n<p><b>\u201cHay movilizaciones (de tropas) que no corresponden,\u00a0<\/b>lo que corresponde en este momento es atender la petici\u00f3n del pueblo peruano que est\u00e1 exigiendo ante su gobierno las elecciones. Sin embargo, para distraer y para justificar los hechos que se ha suscitado con m\u00e1s de 60 muertes, acusan a nuestro pa\u00eds y nuestro expresidente\u201d, dijo el diputado oficialista.<\/p>\n<\/div>\n<div style=\"text-align: justify;\"><\/div>\n<div style=\"text-align: justify;\">\n<p><b>El 7 de diciembre de 2022,\u00a0<\/b>el Congreso peruano declar\u00f3 la vacancia del entonces presidente Pedro Castillo Terrones y asumi\u00f3 la Presidencia Dina Boluarte. Desde entones, diversas organizaciones sociales convocaron acciones de protesta. Paulatinamente, han planteado sus demandas, que incluyen elecciones generales, Asamblea Constituyente y cierre del Congreso.<\/p>\n<\/div>\n<div style=\"text-align: justify;\"><\/div>\n<div style=\"text-align: justify;\">\n<p>El sur peruano moviliz\u00f3 a gran parte de su poblaci\u00f3n para exigir las demandas anunciadas. Esta zona cuenta con la frontera m\u00e1s extensa con Bolivia.<\/p>\n<\/div>\n<div style=\"text-align: justify;\"><\/div>\n<div style=\"text-align: justify;\">\n<p>Seg\u00fan los datos que llegaron desde Puno, todas las poblaciones y ciudades intermedias cumplen un paro seco que\u00a0<b>significa el cierre de todos los servicios, comercio y transporte.\u00a0<\/b>No hay mercados y la poblaci\u00f3n sale a aprovisionarse en horas de la madrugada.<\/p>\n<\/div>\n<div style=\"text-align: justify;\"><\/div>\n<div style=\"text-align: justify;\">\n<p>El relato de los campesinos\u00a0<b>se asemeja mucho a lo sucedido en Bolivia en 2003\u00a0<\/b>cuando se ped\u00eda la renuncia de Gonzalo S\u00e1nchez de Lozada, pues en La Paz no exist\u00eda aprovisionamiento por el feroz bloqueo campesino y las familias sal\u00edan a comprar lo que necesitaban en horas de la madrugada a precisos siderales.<\/p>\n<\/div>\n<div style=\"text-align: justify;\"><\/div>\n<div>\n<p style=\"text-align: justify;\">Los comunarios peruanos que hablaron desde esas latitudes, relataron que las ciudades est\u00e1n vac\u00edas y\u00a0<b>desmintieron que haya movilizaci\u00f3n de tropas en la frontera con Bolivia,\u00a0<\/b>pues en Desaguadero, pueblo lim\u00edtrofe, solo hay bloqueo de los campesinos que impide cualquier tr\u00e1nsito entre los dos pa\u00edses.<\/p>\n<\/div>\n","protected":false},"excerpt":{"rendered":"<p>Todas las regiones del sur del Per\u00fa\u00a0cumplieron este lunes el d\u00eda 27 de paro seco\u00a0que impulsan en esta zona los campesinos de ese pa\u00eds. Desde\u00a0 Bolivia, el diputado alte\u00f1o, Juanito Angulo (MAS), declar\u00f3 que no corresponde la movilizaci\u00f3n de tropas que se realiza en ese pa\u00eds hacia la frontera con Bolivia. \u201cHay movilizaciones (de tropas) [&hellip;]<\/p>\n","protected":false},"author":1,"featured_media":43018,"comment_status":"open","ping_status":"open","sticky":false,"template":"","format":"standard","meta":{"footnotes":""},"categories":[18,48,46],"tags":[],"class_list":{"0":"post-43017","1":"post","2":"type-post","3":"status-publish","4":"format-standard","5":"has-post-thumbnail","7":"category-politica","8":"category-portada-general-sitio","9":"category-portada-politica"},"_links":{"self":[{"href":"https:\/\/jms.com.bo\/mediamonitor\/wp-json\/wp\/v2\/posts\/43017","targetHints":{"allow":["GET"]}}],"collection":[{"href":"https:\/\/jms.com.bo\/mediamonitor\/wp-json\/wp\/v2\/posts"}],"about":[{"href":"https:\/\/jms.com.bo\/mediamonitor\/wp-json\/wp\/v2\/types\/post"}],"author":[{"embeddable":true,"href":"https:\/\/jms.com.bo\/mediamonitor\/wp-json\/wp\/v2\/users\/1"}],"replies":[{"embeddable":true,"href":"https:\/\/jms.com.bo\/mediamonitor\/wp-json\/wp\/v2\/comments?post=43017"}],"version-history":[{"count":0,"href":"https:\/\/jms.com.bo\/mediamonitor\/wp-json\/wp\/v2\/posts\/43017\/revisions"}],"wp:featuredmedia":[{"embeddable":true,"href":"https:\/\/jms.com.bo\/mediamonitor\/wp-json\/wp\/v2\/media\/43018"}],"wp:attachment":[{"href":"https:\/\/jms.com.bo\/mediamonitor\/wp-json\/wp\/v2\/media?parent=43017"}],"wp:term":[{"taxonomy":"category","embeddable":true,"href":"https:\/\/jms.com.bo\/mediamonitor\/wp-json\/wp\/v2\/categories?post=43017"},{"taxonomy":"post_tag","embeddable":true,"href":"https:\/\/jms.com.bo\/mediamonitor\/wp-json\/wp\/v2\/tags?post=43017"}],"curies":[{"name":"wp","href":"https:\/\/api.w.org\/{rel}","templated":true}]}}