{"id":43023,"date":"2023-01-31T04:31:31","date_gmt":"2023-01-31T08:31:31","guid":{"rendered":"https:\/\/jms.com.bo\/mediamonitor\/2023\/01\/31\/luis-fernando-barbery-el-reto-del-gobierno-es-anteponer-lo-economico-sobre-lo-ideologico\/"},"modified":"2023-01-31T04:31:31","modified_gmt":"2023-01-31T08:31:31","slug":"luis-fernando-barbery-el-reto-del-gobierno-es-anteponer-lo-economico-sobre-lo-ideologico","status":"publish","type":"post","link":"https:\/\/jms.com.bo\/mediamonitor\/2023\/01\/31\/luis-fernando-barbery-el-reto-del-gobierno-es-anteponer-lo-economico-sobre-lo-ideologico\/","title":{"rendered":"Luis Fernando Barbery: \u201cEl reto del Gobierno es anteponer lo econ\u00f3mico sobre lo ideol\u00f3gico\u201d"},"content":{"rendered":"<p style=\"text-align: justify;\">El presidente de la Confederaci\u00f3n de Empresarios Privados de Bolivia (CEPB), Luis Barbery, cree que el pa\u00eds no podr\u00e1 desarrollar sus potencialidades ni lograr un crecimiento sostenido si no hay trabajo efectivo entre el sector empresarial y el Estado.<\/p>\n<p><b>\u00a0\u00bfCu\u00e1l es el estado actual de la econom\u00eda del sector empresarial del pa\u00eds?<\/b><\/p>\n<p>Estamos en un proceso de recuperaci\u00f3n lenta, desigual y en condiciones adversas. Las crisis sanitaria y pol\u00edtica han tenido efectos estructurales, en el empleo, el emprendimiento y la inversi\u00f3n. Subsisten los graves problemas del contrabando, informalidad, desigualdades en la reactivaci\u00f3n por sectores y regiones, presi\u00f3n tributaria, laboral y salarial, la pol\u00edtica regresiva de exportaciones agropecuarias, las afectaciones a la seguridad de las empresas y la ausencia de pol\u00edticas de inversi\u00f3n.<\/p>\n<p>Pese a todo, la agroindustria, la miner\u00eda privada y los exportadores han tenido mayor dinamismo que, sumado a la alta demanda y el aumento de precios internacionales, han podido sostener la econom\u00eda nacional y evitar una crisis mayor.<\/p>\n<p><b>\u00bfC\u00f3mo eval\u00faa la gesti\u00f3n econ\u00f3mica de la administraci\u00f3n del presidente Luis Arce?<\/b><\/p>\n<p>Nuestro pa\u00eds se vio favorecido por los altos precios internacionales de las materias primas que exportamos, incluso el gas, adem\u00e1s de las remesas y el incremento en la recaudaci\u00f3n impositiva proveniente del sector privado. Sin embargo, la incertidumbre por la ausencia de una pol\u00edtica econ\u00f3mica a largo plazo, la visi\u00f3n centralista y la decisi\u00f3n de no coordinar con el sector privado han cobrado costos en el sostenimiento del d\u00e9ficit fiscal, la ca\u00edda de las Reservas Internacionales Netas (RIN) y la dependencia de nuestra econom\u00eda respecto al mercado internacional.<\/p>\n<p>Algunas conductas del Gobierno han sido perjudiciales, como la suspensi\u00f3n por razones pol\u00edticas de la exportaci\u00f3n de alimentos, la lentitud en la soluci\u00f3n de los conflictos, la obcecaci\u00f3n en prohibir la biotecnolog\u00eda, la permisividad con los avasallamientos y la priorizaci\u00f3n de la pol\u00edtica sobre la econom\u00eda. Eso ha impedido que obtengamos mayores beneficios de la coyuntura global, pero, sobre todo, puede limitar las posibilidades de aprovecharla de mejor manera en el futuro inmediato.<\/p>\n<p><b>A escala mundial se registra un escenario favorable de precios de los commodities, \u00bfqu\u00e9 acciones urgen para explotar de manera plena est\u00e1 coyuntura?<\/b><\/p>\n<p>Hay que ver las dos caras de la medalla. Si bien es cierto que hay una gran oportunidad para la econom\u00eda por el aumento de la demanda de alimentos, minerales y energ\u00eda que Bolivia produce, tambi\u00e9n debemos considerar que existe un gran riesgo de una recesi\u00f3n econ\u00f3mica mundial que generar\u00e1 elevados niveles de inflaci\u00f3n, desabastecimiento y mayor desempleo. Ambas cosas nos van afectar y debemos prepararnos para enfrentarlas. El gran desaf\u00edo es para el Gobierno, que debe anteponer los objetivos econ\u00f3micos del pa\u00eds sobre las visiones ideol\u00f3gicas.<\/p>\n<p>Si sigue con la idea que el Estado por s\u00ed solo va a enfrentar la crisis y garantizar el desarrollo, los riesgos son mayores. Ya en 2022 qued\u00f3 claro que sin el esfuerzo, el aporte y la capacidad instalada del sector privado la econom\u00eda hubiera colapsado. Desde esa perspectiva, es urgente y necesario generar las condiciones para aumentar la producci\u00f3n, proteger a la industria nacional, incrementar de la inversi\u00f3n privada, garantizar la propiedad privada y disminuir la conflictividad. Estas no son propuestas sino necesidades, de cuyo cumplimiento depende simult\u00e1neamente enfrentar los efectos de la recesi\u00f3n y aprovechar las oportunidades del entorno internacional<\/p>\n<p><b>En el tema normativo y de regulaci\u00f3n, \u00bfcu\u00e1ntas oportunidades desaprovecha Bolivia por la falta de libertad para exportar sus excedentes de producci\u00f3n?<\/b><\/p>\n<p>Se est\u00e1 desaprovechando la capacidad de producci\u00f3n, m\u00e1s que de exportaci\u00f3n de excedentes. Con biotecnolog\u00eda, seguridad jur\u00eddica para las inversiones, acuerdos p\u00fablico-privados, cese de la sobrerregulaci\u00f3n salarial y tributaria y control de avasallamientos, la capacidad instalada de la industria y los recursos disponibles, podr\u00edan generar en poco tiempo una verdadera revoluci\u00f3n productiva sin precedentes porque la demanda internacional va a continuar y posiblemente se va a incrementar, as\u00ed como las facilidades del transporte, el comercio y los flujos de cr\u00e9ditos hacia la regi\u00f3n. En cuanto a la normativa, es la falta de pol\u00edticas de Estado lo que origina promulgaci\u00f3n de normas inconexas, dispersas, contradictorias y regresivas, creadas por presiones, intereses o desconocimiento, que no se cumplen y que, en lugar de ayudar al desarrollo, perjudican.<\/p>\n<p><b>El Gobierno plantea garantizar la estabilidad de la econom\u00eda a partir de la producci\u00f3n interna, \u00bfc\u00f3mo alcanzar este prop\u00f3sito si cada d\u00eda es m\u00e1s notorio un \u2018divorcio\u2019 del aparato estatal con el sector empresarial del pa\u00eds?<br \/>\n<\/b><br \/>\nSiempre hemos sostenido que la soluci\u00f3n es aumentar la producci\u00f3n agropecuaria, dar valor agregado a la explotaci\u00f3n de minerales y energ\u00eda, y desarrollar las potencialidades del pa\u00eds en turismo, industria naranja y servicios. En el tema de la producci\u00f3n coincidimos con el objetivo del Gobierno, pero diferimos en el m\u00e9todo.<\/p>\n<p>El Gobierno est\u00e1 asumiendo que esto lo puede hacer desde el Estado, sin la participaci\u00f3n del sector privado y para ello est\u00e1 empe\u00f1ado en una carrera de creaci\u00f3n de empresas p\u00fablicas en muchos sectores de la producci\u00f3n, rechazando alternativas como las alianzas p\u00fablico-privadas y, sobre todo, manteniendo la idea de que el empresariado privado es un adversario del Estado al que hay que precarizar, discriminar y limitar.<\/p>\n<p>Mientras subsista esa visi\u00f3n y no haya un trabajo coordinado y articulado entre el sector privado y el Estado, la econom\u00eda seguir\u00e1 siendo dependiente de lo que pase en los mercados mundiales, seguiremos invadidos por el contrabando y midiendo el \u00e9xito de las pol\u00edticas por cifras macroecon\u00f3micas y no por el bienestar, la seguridad y la estabilidad de la gente.<\/p>\n<p><b>En el entorno econ\u00f3mico interno preocupa la disminuci\u00f3n de las RIN. Desde la parte empresarial, \u00bfcu\u00e1les creen que son los riesgos y las consecuencias si la tendencia persiste a la baja y qu\u00e9 acciones deben aplicarse para dinamizar las reservas?<br \/>\n<\/b><br \/>\nLas RIN son el resultado del intercambio comercial entre pa\u00edses y un indicador clave para mantener la estabilidad cambiaria del d\u00f3lar respecto a la moneda local. El nivel de las reservas influye en la confianza y la certidumbre para el comercio internacional, espec\u00edficamente para las importaciones.<\/p>\n<p>La acumulaci\u00f3n de las RIN aumenta la solidez financiera del pa\u00eds, al hacer posible mejores condiciones de costo y plazo de financiamientos externos, adem\u00e1s que es un requisito importante para la estabilidad del sistema.<\/p>\n<p>En el \u00e1mbito empresarial, la variaci\u00f3n del precio del d\u00f3lar -tiene que ver con las RIN-, si se mantiene en rangos razonables como ocurre en la mayor\u00eda de los pa\u00edses vecinos, es beneficioso para las exportaciones o las importaciones. El sostenimiento y crecimiento de las RIN se origina, sobre todo, en exportaciones, cr\u00e9dito externo y donaciones. La dinamizaci\u00f3n e incremento de las exportaciones es el camino posible, necesario y adecuado para evitar que la ca\u00edda de las RIN se convierta en una crisis grave.<\/p>\n<p><b>La baja inflaci\u00f3n, con una moneda fuerte en la regi\u00f3n, \u00bfc\u00f3mo incide en el \u00e1mbito empresarial?<\/b><\/p>\n<p>El hecho que en el pa\u00eds estemos con un tipo de cambio apreciado genera que sea m\u00e1s barato importar formalmente y que el contrabando tambi\u00e9n sea m\u00e1s barato que los bienes similares que se producen en el pa\u00eds. Una moneda apreciada, adicionalmente castiga las exportaciones toda vez que se reciben menos bolivianos por cada d\u00f3lar exportado. En cuanto a la inflaci\u00f3n, consideramos que es baja debido a que varios productos que la poblaci\u00f3n adquiere son extranjeros y que ciertos productos o insumos nacionales cuenta con una subvenci\u00f3n con un alto costo para el Estado. En la medida que las personas prefieran los productos extranjeros a los productos nacionales, las capacidades instaladas en el pa\u00eds son subutilizadas y por ende el crecimiento en los sectores y en las regiones, as\u00ed como el empleo formal, se encuentran limitados.<\/p>\n<p><b>La Aduana Nacional reporta operativos e incautaciones gigantescas, \u00bfel sector advierte una reducci\u00f3n del contrabando?<\/b><\/p>\n<p>Valoramos el esfuerzo que han demostrado el Viceministerio de Lucha Contra el Contrabando y la Aduana. Sin embargo, mientras no haya una pol\u00edtica integral que incluya un combate contra la internaci\u00f3n, comercializaci\u00f3n y consumo de productos de contrabando, este delito va a continuar y no habr\u00e1 forma de detenerlo. El contrabando se ha incrementado significativamente pese a la pandemia y se sostuvo por la inflaci\u00f3n en pa\u00edses vecinos, especialmente Per\u00fa, Chile y Argentina, aunque creemos que hubo una merma en el ingreso de productos asi\u00e1ticos durante la crisis de contenedores.<\/p>\n<p><b>Incertidumbre, volatilidad de precios y riesgos de recesi\u00f3n reflejan las perspectivas econ\u00f3micas globales este a\u00f1o, el Gobierno asegura que el modelo econ\u00f3mico boliviano est\u00e1 preparado para resistir estos embates externos, \u00bfcu\u00e1l es la lectura al respecto?<br \/>\n<\/b><br \/>\nNing\u00fan modelo que se centre en el Estado como \u00fanico actor y protagonista de la econom\u00eda de un pa\u00eds tiene posibilidad de \u00e9xito, especialmente en un escenario tan complejo y dependiente de factores externos que pueden cambiar con mucha rapidez. La combinaci\u00f3n de decisiones eficaces, situaciones inesperadas y compromiso del sector privado han logrado mantenernos relativamente fuera de las crisis, pero el peligro no ha pasado y a\u00fan podemos ser alcanzados por los problemas que ahora aquejan a los pa\u00edses vecinos.<\/p>\n<p><b>El Gobierno prev\u00e9 este a\u00f1o un crecimiento del PIB de 4,86%, una tasa de inflaci\u00f3n de 3,28%, un d\u00e9ficit del sector p\u00fablico no financiero de 7,49% y una inversi\u00f3n p\u00fablica de $us 4.006 millones, \u00bfve alcanzables las metas?<\/b><\/p>\n<p>Vamos a esperar siempre que Bolivia alcance los indicadores m\u00e1s altos y positivos y vamos a trabajar para lograr ese objetivo; sin embargo, creemos que hay condiciones que deben cumplirse y eso pasa por un cambio en la orientaci\u00f3n de las pol\u00edticas y la actitud. En 2022, la previsi\u00f3n de crecimiento era de 5,1% y hemos llegado a un 4%.<\/p>\n<p>En 2023, la situaci\u00f3n puede complejizarse. La promulgaci\u00f3n de normas, los planes dispersos y la creaci\u00f3n de m\u00e1s empresas p\u00fablicas no son soluciones ni estrategias de fondo, son medidas de efecto relativo y alto costo que distraen de los verdaderos problemas.<\/p>\n<p>Los empresarios estamos siempre prestos a avanzar en la apertura de espacios de coordinaci\u00f3n porque creemos que el pa\u00eds no puede desarrollar sus potencialidades ni lograr un crecimiento sostenido, si no hay un trabajo efectivo, entre el sector privado y el Estado.<\/p>\n<p><b>PERFIL<\/b><\/p>\n<p>Es presidente de la Confederaci\u00f3n de Empresarios Privados de Bolivia (CEPB) y presidente de la Corporaci\u00f3n Unagro. Naci\u00f3 en Santa Cruz. Tiene 67 a\u00f1os; es casado y padre de seis hijos. Es ingeniero Industrial, con posgrado en Negocios Avanzados en la Universidad de Harvard y Maestr\u00eda en Administraci\u00f3n de Negocios por la Universidad de Toledo-Ohio. Ha sido presidente de la Federaci\u00f3n de Empresarios Privados de Santa Cruz, de la Cainco y director de la C\u00e1mara de Exportadores de Santa Cruz (Cadex).<\/p>\n","protected":false},"excerpt":{"rendered":"<p>El presidente de la Confederaci\u00f3n de Empresarios Privados de Bolivia (CEPB), Luis Barbery, cree que el pa\u00eds no podr\u00e1 desarrollar sus potencialidades ni lograr un crecimiento sostenido si no hay trabajo efectivo entre el sector empresarial y el Estado. \u00a0\u00bfCu\u00e1l es el estado actual de la econom\u00eda del sector empresarial del pa\u00eds? Estamos en un [&hellip;]<\/p>\n","protected":false},"author":1,"featured_media":43024,"comment_status":"open","ping_status":"open","sticky":false,"template":"","format":"standard","meta":{"footnotes":""},"categories":[25],"tags":[],"class_list":{"0":"post-43023","1":"post","2":"type-post","3":"status-publish","4":"format-standard","5":"has-post-thumbnail","7":"category-economia"},"_links":{"self":[{"href":"https:\/\/jms.com.bo\/mediamonitor\/wp-json\/wp\/v2\/posts\/43023","targetHints":{"allow":["GET"]}}],"collection":[{"href":"https:\/\/jms.com.bo\/mediamonitor\/wp-json\/wp\/v2\/posts"}],"about":[{"href":"https:\/\/jms.com.bo\/mediamonitor\/wp-json\/wp\/v2\/types\/post"}],"author":[{"embeddable":true,"href":"https:\/\/jms.com.bo\/mediamonitor\/wp-json\/wp\/v2\/users\/1"}],"replies":[{"embeddable":true,"href":"https:\/\/jms.com.bo\/mediamonitor\/wp-json\/wp\/v2\/comments?post=43023"}],"version-history":[{"count":0,"href":"https:\/\/jms.com.bo\/mediamonitor\/wp-json\/wp\/v2\/posts\/43023\/revisions"}],"wp:featuredmedia":[{"embeddable":true,"href":"https:\/\/jms.com.bo\/mediamonitor\/wp-json\/wp\/v2\/media\/43024"}],"wp:attachment":[{"href":"https:\/\/jms.com.bo\/mediamonitor\/wp-json\/wp\/v2\/media?parent=43023"}],"wp:term":[{"taxonomy":"category","embeddable":true,"href":"https:\/\/jms.com.bo\/mediamonitor\/wp-json\/wp\/v2\/categories?post=43023"},{"taxonomy":"post_tag","embeddable":true,"href":"https:\/\/jms.com.bo\/mediamonitor\/wp-json\/wp\/v2\/tags?post=43023"}],"curies":[{"name":"wp","href":"https:\/\/api.w.org\/{rel}","templated":true}]}}