{"id":43025,"date":"2023-01-31T04:32:26","date_gmt":"2023-01-31T08:32:26","guid":{"rendered":"https:\/\/jms.com.bo\/mediamonitor\/2023\/01\/31\/gestora-logra-bs-1793-millones-en-utilidades-el-2022-128-mas-respecto-al-2021\/"},"modified":"2023-01-31T04:32:26","modified_gmt":"2023-01-31T08:32:26","slug":"gestora-logra-bs-1793-millones-en-utilidades-el-2022-128-mas-respecto-al-2021","status":"publish","type":"post","link":"https:\/\/jms.com.bo\/mediamonitor\/2023\/01\/31\/gestora-logra-bs-1793-millones-en-utilidades-el-2022-128-mas-respecto-al-2021\/","title":{"rendered":"Gestora logra Bs 17,93 millones en utilidades el 2022, 128% m\u00e1s respecto al 2021"},"content":{"rendered":"<p style=\"text-align: justify;\">La Gestora P\u00fablica de la Seguridad Social de Largo Plazo cerr\u00f3 el a\u00f1o 2022 con Bs 17,93 millones en utilidades, lo que representa un incremento de 128% respecto a 2021, cuando lleg\u00f3 a Bs 7,85 millones.<\/p>\n<p style=\"text-align: justify;\">As\u00ed lo hizo conocer el gerente de la Gestora P\u00fablica, Jaime Dur\u00e1n, como desmentido a las declaraciones del senador de Comunidad Ciudadana (CC) Rodrigo Paz Pereira, quien en reiteradas ocasiones denunci\u00f3 que las empresas estatales son deficitarias.<\/p>\n<p style=\"text-align: justify;\">\u201cHemos escuchado al senador Paz indicar que todas las empresas son deficitarias, que no producen utilidades, eso es totalmente falso. Como empresa (la Gestora) el a\u00f1o 2021 obtuvo utilidades de 7,85 millones de bolivianos y el a\u00f1o 2022, esto ya es gesti\u00f3n cerrada, est\u00e1 en proceso de auditor\u00eda, nuestras utilidades han alcanzado a 17,93 millones de bolivianos, lo que quiere decir un crecimiento del 128 por ciento\u201d, afirm\u00f3 en una conferencia de prensa.<\/p>\n<p style=\"text-align: justify;\">Como evidencia de la gesti\u00f3n realizada por la entidad, el gerente tambi\u00e9n destac\u00f3 la rentabilidad de los fondos administrados en un 4,51%, entre septiembre y diciembre de 2022, por encima del 3,47% de la AFP Previsi\u00f3n y del 3,34% de la AFP Futuro.<\/p>\n<p style=\"text-align: justify;\">Indic\u00f3 que, si bien en la \u00e9poca neoliberal las AFP lograron rendimiento de m\u00e1s del 10% entre 1997 y 2001, esto se debi\u00f3 a que \u201cel 72 por ciento de los recursos estaban en manos de instrumentos del Estado, en cambio, con la Ley 065 esta participaci\u00f3n se redujo al 27 por ciento\u201d.<\/p>\n<p style=\"text-align: justify;\">Dur\u00e1n desminti\u00f3 tambi\u00e9n la acusaci\u00f3n del senador Paz en sentido de que la Gestora tuviera la obligaci\u00f3n de realizar pr\u00e9stamos a las entidades del Estado.<\/p>\n<p style=\"text-align: justify;\">Lo que s\u00ed har\u00e1 la Gestora es invertir los fondos en t\u00edtulos valor, velando que se logre buena rentabilidad y a menor riesgo.<\/p>\n<p style=\"text-align: justify;\">El 9 de septiembre de 2022, la Gestora P\u00fablica inici\u00f3 operaciones en la administraci\u00f3n de los Reg\u00edmenes Contributivo y Semicontributivo del Sistema Integral de Pensiones, asegurando a los nuevos trabajadores y a las empresas.<\/p>\n<p style=\"text-align: justify;\">Para mayo de 2023, debe iniciar actividades de manera total con la administraci\u00f3n de los Reg\u00edmenes Contributivo y Semicontributivo, en apego al Decreto Supremo 4585.<\/p>\n<p style=\"text-align: justify;\">Dur\u00e1n destac\u00f3 los avances logrados por la entidad para cumplir esa meta.<\/p>\n<p style=\"text-align: justify;\">En ese contexto, lament\u00f3 que el senador Paz utilice a la Gestora como un mecanismo para tratar de desviar la atenci\u00f3n de los procesos que debe responder por su gesti\u00f3n como alcalde de Tarija.<\/p>\n<p style=\"text-align: justify;\">Paz Pereira enfrenta procesos por dos obras inconclusas que impuls\u00f3 durante su administraci\u00f3n: el puente \u201cmillonario\u201d 4 de Julio, por el cual se pag\u00f3 Bs 73,2 millones y que no fue concluido, y el proyecto de ciudad inteligente que demand\u00f3 una inversi\u00f3n superior a los Bs 50 millones, pero que no funciona.<\/p>\n<p style=\"text-align: justify;\">\u201cEstamos siendo v\u00edctimas de una campa\u00f1a de desprestigio porque lamentablemente el senador est\u00e1 bajo investigaci\u00f3n porque se han denunciado contrataciones y pagos irregulares\u201d, fundament\u00f3 el gerente.<\/p>\n","protected":false},"excerpt":{"rendered":"<p>La Gestora P\u00fablica de la Seguridad Social de Largo Plazo cerr\u00f3 el a\u00f1o 2022 con Bs 17,93 millones en utilidades, lo que representa un incremento de 128% respecto a 2021, cuando lleg\u00f3 a Bs 7,85 millones. As\u00ed lo hizo conocer el gerente de la Gestora P\u00fablica, Jaime Dur\u00e1n, como desmentido a las declaraciones del senador [&hellip;]<\/p>\n","protected":false},"author":1,"featured_media":43026,"comment_status":"open","ping_status":"open","sticky":false,"template":"","format":"standard","meta":{"footnotes":""},"categories":[25,45,48],"tags":[],"class_list":{"0":"post-43025","1":"post","2":"type-post","3":"status-publish","4":"format-standard","5":"has-post-thumbnail","7":"category-economia","8":"category-portada-economia","9":"category-portada-general-sitio"},"_links":{"self":[{"href":"https:\/\/jms.com.bo\/mediamonitor\/wp-json\/wp\/v2\/posts\/43025","targetHints":{"allow":["GET"]}}],"collection":[{"href":"https:\/\/jms.com.bo\/mediamonitor\/wp-json\/wp\/v2\/posts"}],"about":[{"href":"https:\/\/jms.com.bo\/mediamonitor\/wp-json\/wp\/v2\/types\/post"}],"author":[{"embeddable":true,"href":"https:\/\/jms.com.bo\/mediamonitor\/wp-json\/wp\/v2\/users\/1"}],"replies":[{"embeddable":true,"href":"https:\/\/jms.com.bo\/mediamonitor\/wp-json\/wp\/v2\/comments?post=43025"}],"version-history":[{"count":0,"href":"https:\/\/jms.com.bo\/mediamonitor\/wp-json\/wp\/v2\/posts\/43025\/revisions"}],"wp:featuredmedia":[{"embeddable":true,"href":"https:\/\/jms.com.bo\/mediamonitor\/wp-json\/wp\/v2\/media\/43026"}],"wp:attachment":[{"href":"https:\/\/jms.com.bo\/mediamonitor\/wp-json\/wp\/v2\/media?parent=43025"}],"wp:term":[{"taxonomy":"category","embeddable":true,"href":"https:\/\/jms.com.bo\/mediamonitor\/wp-json\/wp\/v2\/categories?post=43025"},{"taxonomy":"post_tag","embeddable":true,"href":"https:\/\/jms.com.bo\/mediamonitor\/wp-json\/wp\/v2\/tags?post=43025"}],"curies":[{"name":"wp","href":"https:\/\/api.w.org\/{rel}","templated":true}]}}