{"id":43027,"date":"2023-01-31T04:34:39","date_gmt":"2023-01-31T08:34:39","guid":{"rendered":"https:\/\/jms.com.bo\/mediamonitor\/2023\/01\/31\/argentina-la-energia-hidroelectrica-y-las-renovables-crecieron-en-2022\/"},"modified":"2023-01-31T04:34:39","modified_gmt":"2023-01-31T08:34:39","slug":"argentina-la-energia-hidroelectrica-y-las-renovables-crecieron-en-2022","status":"publish","type":"post","link":"https:\/\/jms.com.bo\/mediamonitor\/2023\/01\/31\/argentina-la-energia-hidroelectrica-y-las-renovables-crecieron-en-2022\/","title":{"rendered":"Argentina: La energ\u00eda hidroel\u00e9ctrica y las renovables crecieron en 2022"},"content":{"rendered":"<section class=\"body-content\" data-twitter-link=\"https:\/\/twitter.com\/intent\/tweet?url=https:\/\/mase.lmneuquen.com\/c989760&amp;v\u00eda=lmneuquen&amp;related=M\u00e1s Energ\u00eda&amp;text=\">La energ\u00eda\u00a0<strong>hidroel\u00e9ctrica<\/strong>\u00a0y las\u00a0<strong>renovables\u00a0<\/strong>incrementaron fuerte su generaci\u00f3n para abastecer en 2022 el incremento del 3,6% en el consumo de electricidad, ante una menor utilizaci\u00f3n de la energ\u00eda t\u00e9rmica en un contexto internacional marcado por el aumento de los precios internacionales de los combustibles f\u00f3siles, seg\u00fan un informe de la Compa\u00f1\u00eda Argentina del Mercado Mayorista El\u00e9ctrico (Cammesa).<\/p>\n<\/section>\n<section class=\"body-content\" data-twitter-link=\"https:\/\/twitter.com\/intent\/tweet?url=https:\/\/mase.lmneuquen.com\/c989760&amp;v\u00eda=lmneuquen&amp;related=M\u00e1s Energ\u00eda&amp;text=\"><strong>La demanda local de energ\u00eda el\u00e9ctrica en 2022 alcanz\u00f3 a 138.755 gigavatios\/hora (Gwh)<\/strong>, con un incremento del 3,6% respecto de los 133.877 Gwh de 2021, en tanto la generaci\u00f3n tuvo en el mismo lapso un aumento del 1,7%, diferencia compensada con una ca\u00edda del 99% en la exportaci\u00f3n.<\/p>\n<\/section>\n<section class=\"body-content\" data-twitter-link=\"https:\/\/twitter.com\/intent\/tweet?url=https:\/\/mase.lmneuquen.com\/c989760&amp;v\u00eda=lmneuquen&amp;related=M\u00e1s Energ\u00eda&amp;text=\">En esa balanza para asegurar el abastecimiento energ\u00e9tico,\u00a0<strong>la generaci\u00f3n hidroel\u00e9ctrica cerr\u00f3 el a\u00f1o con un incremento de generaci\u00f3n del 25,2% y las energ\u00edas renovables un 10,9%, respecto de 2021<\/strong>, en tanto que el aporte de la energia nuclear registr\u00f3 una retracci\u00f3n del 26,6% y la de fuente t\u00e9rmica un 9,2%.<\/p>\n<p>La potencia m\u00e1xima alcanzada en 2022 es el r\u00e9cord del sistema con 28.283 MW, y de esta manera se hizo frente a la demanda local que present\u00f3 un crecimiento general de 3,6%, con un crecimiento de casi 7,0% en los meses particularmente \u201cfr\u00edos\u201d y \u201cc\u00e1lidos\u201d, con aumentos en todos los segmentos que la componen.<\/p>\n<p>As\u00ed por tipo de usuario, los usuarios chicos o residenciales de enero a diciembre incrementaron su consumo un 3,8% promedio; los de consumos intermedios como comercios e industrias chicas un 5,3% y los de grandes consumos como centros comerciales e industrias mayores un 1,8%.<\/p>\n<p>Seg\u00fan el detalle de Cammessa, \u00abel incremento en la demanda fue cubierto por mayor generaci\u00f3n hidro, desde mitad de a\u00f1o mayores caudales especialmente en<strong>\u00a0Yacyret\u00e1 y Salto Grande<\/strong>, mayor generaci\u00f3n renovable con nueva nueva potencia y un crecimiento medio alrededor de 200 MW medios, y el aumento de la importaci\u00f3n de energ\u00eda, aumentando casi 5.500 GWh (630 MW medios) en relaci\u00f3n al a\u00f1o 2021&#8243;.<\/p>\n<p>La variaci\u00f3n muestra que la generaci\u00f3n t\u00e9rmica tuvo una ca\u00edda anual del 9,2% (de 90.074 Gwh en 2021 a 81.746 Gwh en 2022), aunque esa modalidad se mantuvo como la principal, con el 56,36% del total.<\/p>\n<p>La principal incidencia en esa ca\u00edda de participaci\u00f3n respondi\u00f3 a la menor disponibilidad de gas natural y los costos de los combustibles. Si bien el barril de petr\u00f3leo termin\u00f3 el a\u00f1o un 43% promedio mayor al a\u00f1o anterior, la mayor diferencia se present\u00f3 en el primer semestre, alcanzando +70% en invierno, indicador relacionado al comportamiento de los precios internacionales.<\/p>\n<p>La energ\u00eda hidroel\u00e9ctrica tuvo un alza del 25,2%, al pasar de 24.116 Gwh en 2021 a 30,186 el a\u00f1o pasado, y conserv\u00f3 la segunda posici\u00f3n en generaci\u00f3n, con el 20,81%.<\/p>\n<p>En el tercer puesto se mantuvieron las distintas modalidades de energ\u00edas renovables (biomasa, e\u00f3lica, solar, biog\u00e1s y emprendimientos hidroel\u00e9ctricos de menos de 50 Mw) con un aumento anual del 10,9% (de 17.437 Gwh a 19.340 Gwh), con una participaci\u00f3n del 13,33% de la generaci\u00f3n total y del 13,9% en la atenci\u00f3n de la demanda.<\/p>\n<p>La energ\u00eda nuclear registr\u00f3 un descenso del 26,6% (de 10,170 Gwh a 7.469 Gwh) y una participaci\u00f3n del 5,15%m en tanto la importaci\u00f3n tuvo un salto del 670% (de 819 Gwh a 6.310 Gwh) y una participaci\u00f3n del 4,35%.<\/p>\n<p>Cammesa destac\u00f3 que \u00aben lo que respecta a la generaci\u00f3n hidroel\u00e9ctrica, si bien los a\u00f1os 2022 y 2021 se destacan por presentar caracter\u00edsticas de &#8216;a\u00f1o seco&#8217;, en los \u00faltimos meses se observ\u00f3 un aumento en la generaci\u00f3n al comparar con el a\u00f1o anterior asociado principalmente al aumento en los caudales de la cuenca del Paran\u00e1 (Yacyret\u00e1) y Uruguay (Salto Grande)\u00bb.<\/p>\n<p>Asimismo, indic\u00f3 que \u00ab<strong>la generaci\u00f3n t\u00e9rmica termina siendo menor en el a\u00f1o 2022<\/strong>, en especial si se observa desde los meses de invierno, gran parte asociada a los mayores costos debido a la menor disponibilidad de gas natural, como tambi\u00e9n a la competencia con otras energ\u00edas a menores costos\u00bb.<\/p>\n<p>En l\u00ednea con la ca\u00edda en la generaci\u00f3n t\u00e9rmica, el consumo de combustible total termin\u00f3 siendo menor al de 2021, principalmente por la menor disponibilidad de gas natural.<\/p>\n<p>Al respecto, Cammesa indic\u00f3 que el consumo de Gas Natural termin\u00f3 siendo menor en casi 6 millones de metros c\u00fabicos, con una ca\u00edda anual del 13,2% en cuyo detalle se reflej\u00f3 el impacto de la guerra entre Rusia y Ucrania en el precio internacional: la demanda del gas nacional tuvo un aumento del 1,42%, pero la del importado una ca\u00edda del 59,18%.<\/p>\n<p>Asimismo, \u00abla menor disponibilidad de gas qued\u00f3 reflejada en el aumento de los consumos de combustibles alternativos, principalmente gasoil (de origen importado) y fuel oil\u00bb, con una mayor participaci\u00f3n del de origen importado frente al de elaboraci\u00f3n local.<\/p>\n<p>La disminuci\u00f3n en la generaci\u00f3n t\u00e9rmica en el primer semestre del a\u00f1o pasado \u00abno se ve reflejada en la cantidad de emisiones totales de CO2, debido al incremento en el consumo de combustibles alternativos\u00bb, advirti\u00f3 Cammesa.<\/p>\n<\/section>\n","protected":false},"excerpt":{"rendered":"<p>La energ\u00eda\u00a0hidroel\u00e9ctrica\u00a0y las\u00a0renovables\u00a0incrementaron fuerte su generaci\u00f3n para abastecer en 2022 el incremento del 3,6% en el consumo de electricidad, ante una menor utilizaci\u00f3n de la energ\u00eda t\u00e9rmica en un contexto internacional marcado por el aumento de los precios internacionales de los combustibles f\u00f3siles, seg\u00fan un informe de la Compa\u00f1\u00eda Argentina del Mercado Mayorista El\u00e9ctrico (Cammesa). [&hellip;]<\/p>\n","protected":false},"author":1,"featured_media":43028,"comment_status":"open","ping_status":"open","sticky":false,"template":"","format":"standard","meta":{"footnotes":""},"categories":[39],"tags":[],"class_list":{"0":"post-43027","1":"post","2":"type-post","3":"status-publish","4":"format-standard","5":"has-post-thumbnail","7":"category-energia"},"_links":{"self":[{"href":"https:\/\/jms.com.bo\/mediamonitor\/wp-json\/wp\/v2\/posts\/43027","targetHints":{"allow":["GET"]}}],"collection":[{"href":"https:\/\/jms.com.bo\/mediamonitor\/wp-json\/wp\/v2\/posts"}],"about":[{"href":"https:\/\/jms.com.bo\/mediamonitor\/wp-json\/wp\/v2\/types\/post"}],"author":[{"embeddable":true,"href":"https:\/\/jms.com.bo\/mediamonitor\/wp-json\/wp\/v2\/users\/1"}],"replies":[{"embeddable":true,"href":"https:\/\/jms.com.bo\/mediamonitor\/wp-json\/wp\/v2\/comments?post=43027"}],"version-history":[{"count":0,"href":"https:\/\/jms.com.bo\/mediamonitor\/wp-json\/wp\/v2\/posts\/43027\/revisions"}],"wp:featuredmedia":[{"embeddable":true,"href":"https:\/\/jms.com.bo\/mediamonitor\/wp-json\/wp\/v2\/media\/43028"}],"wp:attachment":[{"href":"https:\/\/jms.com.bo\/mediamonitor\/wp-json\/wp\/v2\/media?parent=43027"}],"wp:term":[{"taxonomy":"category","embeddable":true,"href":"https:\/\/jms.com.bo\/mediamonitor\/wp-json\/wp\/v2\/categories?post=43027"},{"taxonomy":"post_tag","embeddable":true,"href":"https:\/\/jms.com.bo\/mediamonitor\/wp-json\/wp\/v2\/tags?post=43027"}],"curies":[{"name":"wp","href":"https:\/\/api.w.org\/{rel}","templated":true}]}}