{"id":43035,"date":"2023-01-31T04:41:33","date_gmt":"2023-01-31T08:41:33","guid":{"rendered":"https:\/\/jms.com.bo\/mediamonitor\/2023\/01\/31\/el-tribunal-constitucional-plurinacional-admite-accion-popular-en-defensa-de-tariquia\/"},"modified":"2023-01-31T04:41:33","modified_gmt":"2023-01-31T08:41:33","slug":"el-tribunal-constitucional-plurinacional-admite-accion-popular-en-defensa-de-tariquia","status":"publish","type":"post","link":"https:\/\/jms.com.bo\/mediamonitor\/2023\/01\/31\/el-tribunal-constitucional-plurinacional-admite-accion-popular-en-defensa-de-tariquia\/","title":{"rendered":"El Tribunal Constitucional Plurinacional admite acci\u00f3n popular en defensa de Tariqu\u00eda"},"content":{"rendered":"<p style=\"text-align: justify;\">La diputada por Comunidad Ciudadana, Mariela Baldivieso, inform\u00f3 que, mediante una audiencia virtual, misma que probablemente se lleve a cabo a finales de este mes, se podr\u00e1 efectuar un gran paso para poder fortalecer la defensa y la protecci\u00f3n de esta importante reserva.<\/p>\n<p style=\"text-align: justify;\">\u201cRecientemente nos han notificado en el marco de que el Tribunal Constitucional Plurinacional de Bolivia ha admitido una de las dos acciones que hemos ingresado sobre lo que es la Defensa de Tariqu\u00eda, la primera fue ingresada en Tarija, el 23 de junio del 2022 y fue rechazada por la sala constitucional, sin excusas, porque ninguna acci\u00f3n popular deber\u00eda ser rechazada y mucho menos antes de una audiencia, es decir a nosotros, ni siquiera nos han permitido realizar la audiencia de defensa y ya fuimos rechazados sin fundamente alguno\u201d, dijo Baldivieso.<\/p>\n<p style=\"text-align: justify;\">En este sentido argument\u00f3 que, tras una apelaci\u00f3n previamente establecida, actualmente se podr\u00e1 contar con una audiencia de defensa, la cual estima que se pueda llevar a cabo el 30 del presente, v\u00eda virtual, asimismo acentu\u00f3 que la lucha por Tariqu\u00eda se viene desarrollando desde hace muchos a\u00f1os atr\u00e1s por el pueblo tarije\u00f1o, tomando en cuenta que esta reserva natural, inclusive est\u00e1 protegida mediante una ley, no obstante se\u00f1al\u00f3 que existen contratos de exploraci\u00f3n y explotaci\u00f3n de hidrocarburos, que fueron aprobados en ese entonces, por la asamblea legislativa.<\/p>\n<p style=\"text-align: justify;\">\u201cLastimosamente no se ha respetado el plan de manejo de Tariqu\u00eda, est\u00e1n ingresando justamente a explorar y a explotar, en el n\u00facleo de esta reserva natural, da\u00f1ando el ecosistema que es tan importante para los tarije\u00f1os, bolivianos y Latino Americe en general, porque es un pulm\u00f3n, debido a los \u00e1rboles, a la vegetaci\u00f3n, a la humedad que tiene este lugar que se convierte en lluvia y provee de agua, no solamente a Tarija si no a nivel Bolivia, inclusive estas aguas, se dirigen al Argentina\u201d, dijo Baldivieso.<\/p>\n<p style=\"text-align: justify;\">Acot\u00f3, que el impacto medio ambiental es muy grande, enfatizando que es lamentable que el Gobierno Nacional, a pesar de decir ser uno de los principales protectores de la Pachamama y la madre tierra, no priorice preservar esta reserva como debiera de ser.<\/p>\n<p style=\"text-align: justify;\">Por su parte el concejal Rodrigo Altamirano, quien ha sido una de las autoridades que ha participado como uno de los actores principales en la lucha por la defensa de Tariqu\u00eda, subray\u00f3 que junto a la diputada Mariela Baldivieso, estuvo trabajando en una serie de peticiones de informes respecto a los campos de explotaci\u00f3n que estar\u00edan supuestamente en el interior de dicha reserva.<\/p>\n<p style=\"text-align: justify;\">\u201cLa petrolera a trav\u00e9s de la manipulaci\u00f3n pol\u00edtica, que ha ejercido de una manera contundente en la parte social que es en Bermejo, ha logrado ingresar a lo que es Astilleros, asumimos con mucha pena esta situaci\u00f3n, ya que se est\u00e1 visibilizando lo que es pr\u00e1cticamente una destrucci\u00f3n de ese ecosistema tan importante, porque tenemos la zona denominada El Caj\u00f3n, que es bastantemente productiva, en el sentido de que ah\u00ed se lleva adelante una actividad pisc\u00edcola fundamental, ah\u00ed es donde se desarrollan lo que es el Dorado, Surub\u00ed y muchos otros animales acu\u00e1ticos \u201d, dijo Altamirano.<\/p>\n<p style=\"text-align: justify;\">Puntualiz\u00f3 que se estar\u00eda realizando un \u201cFalso Pachamamismo\u201d, liderizado por el Movimiento al Socialismo, que estar\u00eda destrozando a esta reserva natural, para extraer recursos y generar ingresos econ\u00f3micos, a costa de un severo da\u00f1o ambiental.<\/p>\n<p style=\"text-align: justify;\">DATOS:<\/p>\n<p style=\"text-align: justify;\">Esperan que este sea un primer paso para reforzar la lucha y la protecci\u00f3n de la reserva.<br \/>\nLamentan que no se est\u00e9n priorizando zonas altamente productivas en medio de una supuesta exploraci\u00f3n y explotaci\u00f3n de recursos.<\/p>\n","protected":false},"excerpt":{"rendered":"<p>La diputada por Comunidad Ciudadana, Mariela Baldivieso, inform\u00f3 que, mediante una audiencia virtual, misma que probablemente se lleve a cabo a finales de este mes, se podr\u00e1 efectuar un gran paso para poder fortalecer la defensa y la protecci\u00f3n de esta importante reserva. \u201cRecientemente nos han notificado en el marco de que el Tribunal Constitucional [&hellip;]<\/p>\n","protected":false},"author":1,"featured_media":43036,"comment_status":"open","ping_status":"open","sticky":false,"template":"","format":"standard","meta":{"footnotes":""},"categories":[40,23],"tags":[],"class_list":{"0":"post-43035","1":"post","2":"type-post","3":"status-publish","4":"format-standard","5":"has-post-thumbnail","7":"category-bolivia","8":"category-hidrocarburos"},"_links":{"self":[{"href":"https:\/\/jms.com.bo\/mediamonitor\/wp-json\/wp\/v2\/posts\/43035","targetHints":{"allow":["GET"]}}],"collection":[{"href":"https:\/\/jms.com.bo\/mediamonitor\/wp-json\/wp\/v2\/posts"}],"about":[{"href":"https:\/\/jms.com.bo\/mediamonitor\/wp-json\/wp\/v2\/types\/post"}],"author":[{"embeddable":true,"href":"https:\/\/jms.com.bo\/mediamonitor\/wp-json\/wp\/v2\/users\/1"}],"replies":[{"embeddable":true,"href":"https:\/\/jms.com.bo\/mediamonitor\/wp-json\/wp\/v2\/comments?post=43035"}],"version-history":[{"count":0,"href":"https:\/\/jms.com.bo\/mediamonitor\/wp-json\/wp\/v2\/posts\/43035\/revisions"}],"wp:featuredmedia":[{"embeddable":true,"href":"https:\/\/jms.com.bo\/mediamonitor\/wp-json\/wp\/v2\/media\/43036"}],"wp:attachment":[{"href":"https:\/\/jms.com.bo\/mediamonitor\/wp-json\/wp\/v2\/media?parent=43035"}],"wp:term":[{"taxonomy":"category","embeddable":true,"href":"https:\/\/jms.com.bo\/mediamonitor\/wp-json\/wp\/v2\/categories?post=43035"},{"taxonomy":"post_tag","embeddable":true,"href":"https:\/\/jms.com.bo\/mediamonitor\/wp-json\/wp\/v2\/tags?post=43035"}],"curies":[{"name":"wp","href":"https:\/\/api.w.org\/{rel}","templated":true}]}}