{"id":43088,"date":"2023-02-01T06:15:57","date_gmt":"2023-02-01T10:15:57","guid":{"rendered":"https:\/\/jms.com.bo\/mediamonitor\/2023\/02\/01\/ciudadela-de-la-salud-se-hara-en-el-hipico-pero-aun-no-inician-obras-de-radioterapia\/"},"modified":"2023-02-01T06:15:57","modified_gmt":"2023-02-01T10:15:57","slug":"ciudadela-de-la-salud-se-hara-en-el-hipico-pero-aun-no-inician-obras-de-radioterapia","status":"publish","type":"post","link":"https:\/\/jms.com.bo\/mediamonitor\/2023\/02\/01\/ciudadela-de-la-salud-se-hara-en-el-hipico-pero-aun-no-inician-obras-de-radioterapia\/","title":{"rendered":"Ciudadela de la Salud se har\u00e1 en el H\u00edpico, pero a\u00fan no inician obras de radioterapia"},"content":{"rendered":"<p style=\"text-align: justify;\">La Gobernaci\u00f3n de Cochabamba garantiz\u00f3 ayer la construcci\u00f3n de la Ciudadela de la Salud, en predios del Club H\u00edpico, pero todav\u00eda no iniciaron las obras de la unidad radioterapia, el primer componente del proyecto, por falta de la licencia ambiental y otros documentos.<\/p>\n<p style=\"text-align: justify;\">El gobernador Humberto S\u00e1nchez confirm\u00f3 ayer que la ciudadela se har\u00e1 en los terrenos del h\u00edpico y que la construcci\u00f3n del proyecto es una prioridad.<\/p>\n<p style=\"text-align: justify;\">La aclaraci\u00f3n se hizo despu\u00e9s de que el expresidente Evo Morales plante\u00f3, el domingo, retomar el proyecto de construcci\u00f3n de un estadio en los predios del h\u00edpico para realizar campeonatos de f\u00fatbol internacionales.<\/p>\n<p style=\"text-align: justify;\">Sobre este tema, el secretario de general de la Gobernaci\u00f3n, Jos\u00e9 de la Fuente, dijo que la construcci\u00f3n de la ciudadela es fundamental para resolver el colapso de los hospitales y otras deficiencias que impiden el acceso a una atenci\u00f3n m\u00e9dica oportuna.<\/p>\n<p style=\"text-align: justify;\">\u201cEs una cuesti\u00f3n de prioridades. Tiene que quedar claro que el programa del gobernador Humberto S\u00e1nchez con el que gan\u00f3 las elecciones es un compromiso en este predio del h\u00edpico\u201d, remarc\u00f3.<\/p>\n<p style=\"text-align: justify;\">S\u00e1nchez se\u00f1al\u00f3 que el traslado de la ciudadela solo ser\u00e1 posible siempre y cuando haya mejores alternativas y estudios t\u00e9cnicos que respalden la propuesta.<\/p>\n<p style=\"text-align: justify;\">Sin embargo, pese al pronunciamiento del gobernador, no existe una fecha del inicio de obras de la unidad de radioterapia.<\/p>\n<p style=\"text-align: justify;\">Al respecto, la secretaria de Salud, Daysi Rocabado, inform\u00f3 que se prev\u00e9 que la edificaci\u00f3n de la unidad comience las primeras semanas de febrero.<\/p>\n<p style=\"text-align: justify;\">La demora se debe a la falta de tr\u00e1mites. De la Fuente revel\u00f3 que la Agencia de Infraestructura y Equipamiento M\u00e9dico (Aisem) no tramit\u00f3 la licencia ambiental y tampoco la autorizaci\u00f3n de la Autoridad de Energ\u00eda Nuclear, lo cual provoca que la empresa todav\u00eda no pueda iniciar las obras, pese a contar con el dise\u00f1o final.<\/p>\n<p style=\"text-align: justify;\">En tanto, la representante de las pacientes con c\u00e1ncer, Carmen Vargas, pidi\u00f3 celeridad en la construcci\u00f3n de la unidad de radioterapia, debido a la necesidad que tienen los enfermos, quienes deben migrar a otros departamentos para recibir su tratamiento.<\/p>\n<p style=\"text-align: justify;\">\u201cPese a contar con los recursos desde 2018, la Gobernaci\u00f3n insisti\u00f3 con la Ciudadela de la Salud. El 10 de mayo de 2022, se coloc\u00f3 la piedra fundamental y a casi un a\u00f1o todav\u00eda no comienza la obra\u201d, dijo.<\/p>\n<p style=\"text-align: justify;\">Avanza proyecto de oncol\u00f3gico<\/p>\n<p style=\"text-align: justify;\">El Instituto Oncol\u00f3gico de Tolata avanza con la primera de cuatro fases que contempla el proyecto. El alcalde Ariel Vargas cont\u00f3 que se actualiz\u00f3 el informe t\u00e9cnico de condiciones previas del oncol\u00f3gico.<\/p>\n<p style=\"text-align: justify;\">Anunci\u00f3 que, entre abril y mayo, se lanzar\u00e1 la licitaci\u00f3n internacional y se prev\u00e9 que a fin de a\u00f1o comiencen las obras.<\/p>\n<p style=\"text-align: justify;\">La secretaria de Salud, Daysi Rocabado, dijo que este proyecto mejorar\u00e1 la atenci\u00f3n a pacientes oncol\u00f3gicos.<\/p>\n<p style=\"text-align: justify;\">\n","protected":false},"excerpt":{"rendered":"<p>La Gobernaci\u00f3n de Cochabamba garantiz\u00f3 ayer la construcci\u00f3n de la Ciudadela de la Salud, en predios del Club H\u00edpico, pero todav\u00eda no iniciaron las obras de la unidad radioterapia, el primer componente del proyecto, por falta de la licencia ambiental y otros documentos. El gobernador Humberto S\u00e1nchez confirm\u00f3 ayer que la ciudadela se har\u00e1 en [&hellip;]<\/p>\n","protected":false},"author":4,"featured_media":43089,"comment_status":"open","ping_status":"open","sticky":false,"template":"","format":"standard","meta":{"footnotes":""},"categories":[53],"tags":[],"class_list":{"0":"post-43088","1":"post","2":"type-post","3":"status-publish","4":"format-standard","5":"has-post-thumbnail","7":"category-salud"},"_links":{"self":[{"href":"https:\/\/jms.com.bo\/mediamonitor\/wp-json\/wp\/v2\/posts\/43088","targetHints":{"allow":["GET"]}}],"collection":[{"href":"https:\/\/jms.com.bo\/mediamonitor\/wp-json\/wp\/v2\/posts"}],"about":[{"href":"https:\/\/jms.com.bo\/mediamonitor\/wp-json\/wp\/v2\/types\/post"}],"author":[{"embeddable":true,"href":"https:\/\/jms.com.bo\/mediamonitor\/wp-json\/wp\/v2\/users\/4"}],"replies":[{"embeddable":true,"href":"https:\/\/jms.com.bo\/mediamonitor\/wp-json\/wp\/v2\/comments?post=43088"}],"version-history":[{"count":0,"href":"https:\/\/jms.com.bo\/mediamonitor\/wp-json\/wp\/v2\/posts\/43088\/revisions"}],"wp:featuredmedia":[{"embeddable":true,"href":"https:\/\/jms.com.bo\/mediamonitor\/wp-json\/wp\/v2\/media\/43089"}],"wp:attachment":[{"href":"https:\/\/jms.com.bo\/mediamonitor\/wp-json\/wp\/v2\/media?parent=43088"}],"wp:term":[{"taxonomy":"category","embeddable":true,"href":"https:\/\/jms.com.bo\/mediamonitor\/wp-json\/wp\/v2\/categories?post=43088"},{"taxonomy":"post_tag","embeddable":true,"href":"https:\/\/jms.com.bo\/mediamonitor\/wp-json\/wp\/v2\/tags?post=43088"}],"curies":[{"name":"wp","href":"https:\/\/api.w.org\/{rel}","templated":true}]}}