{"id":43090,"date":"2023-02-01T06:17:42","date_gmt":"2023-02-01T10:17:42","guid":{"rendered":"https:\/\/jms.com.bo\/mediamonitor\/2023\/02\/01\/hospital-de-ninos-dispondra-de-dos-salas-para-la-atencion-de-pacientes-con-dengue\/"},"modified":"2023-02-01T06:17:42","modified_gmt":"2023-02-01T10:17:42","slug":"hospital-de-ninos-dispondra-de-dos-salas-para-la-atencion-de-pacientes-con-dengue","status":"publish","type":"post","link":"https:\/\/jms.com.bo\/mediamonitor\/2023\/02\/01\/hospital-de-ninos-dispondra-de-dos-salas-para-la-atencion-de-pacientes-con-dengue\/","title":{"rendered":"Hospital de Ni\u00f1os dispondr\u00e1 de dos salas para la atenci\u00f3n de pacientes con dengue"},"content":{"rendered":"<p style=\"text-align: justify;\">En el hospital de Ni\u00f1os Mario Ortiz se abrir\u00e1n dos salas para la atenci\u00f3n de pacientes con dengue. Para ello, la gobernaci\u00f3n entreg\u00f3 equipos valuados en Bs 3.064.405.<\/p>\n<p style=\"text-align: justify;\">Edil Toledo, secretario de Salud, inform\u00f3 que se entregaron: c\u00e1maras de refrigeraci\u00f3n, 15 camas, cuatro incubadoras, dos servocunas, dos ventiladores mec\u00e1nicos y un dermatomo el\u00e9ctrico, que ser\u00e1n distribuidos en 20 espacios que se habilitar\u00e1n en las dos salas exclusivas para pacientes con dengue.<\/p>\n<p style=\"text-align: justify;\">Gobernaci\u00f3n entreg\u00f3 equipos al Hospital de Ni\u00f1os por emergencia dengue\/GADSCZ<\/p>\n<p style=\"text-align: justify;\">\u201cEstamos habilitando dos nuevas salas para pacientes con dengue; vamos a ampliar la sala de terapia intensiva en neonatal y cuidados intermedios. Igual estamos haciendo contratos de recursos humanos para esta emergencia, pese a que es competencia del Gobierno\u201d, se\u00f1al\u00f3 Toledo.<\/p>\n<p style=\"text-align: justify;\">Por su parte, Lorena Rivera, gerente del hospital de ni\u00f1os Mario Ortiz, destac\u00f3 que, por primera vez, tendr\u00e1n una c\u00e1mara de refrigeraci\u00f3n, que permitir\u00e1 mantener la cadena de fr\u00edo de algunos insumos m\u00e9dicos.<\/p>\n<p style=\"text-align: justify;\">De acuerdo con el reporte de los galenos, en el hospital de ni\u00f1os se encuentran internados 30 menores con dengue, cuatro de ellos est\u00e1n en una situaci\u00f3n grave y dos en terapia intensiva. El Sedes inform\u00f3 que, hasta la fecha se registraron 1.949 casos confirmados de dengue.<\/p>\n<p style=\"text-align: justify;\">\n","protected":false},"excerpt":{"rendered":"<p>En el hospital de Ni\u00f1os Mario Ortiz se abrir\u00e1n dos salas para la atenci\u00f3n de pacientes con dengue. Para ello, la gobernaci\u00f3n entreg\u00f3 equipos valuados en Bs 3.064.405. Edil Toledo, secretario de Salud, inform\u00f3 que se entregaron: c\u00e1maras de refrigeraci\u00f3n, 15 camas, cuatro incubadoras, dos servocunas, dos ventiladores mec\u00e1nicos y un dermatomo el\u00e9ctrico, que ser\u00e1n [&hellip;]<\/p>\n","protected":false},"author":4,"featured_media":43091,"comment_status":"open","ping_status":"open","sticky":false,"template":"","format":"standard","meta":{"footnotes":""},"categories":[53],"tags":[],"class_list":{"0":"post-43090","1":"post","2":"type-post","3":"status-publish","4":"format-standard","5":"has-post-thumbnail","7":"category-salud"},"_links":{"self":[{"href":"https:\/\/jms.com.bo\/mediamonitor\/wp-json\/wp\/v2\/posts\/43090","targetHints":{"allow":["GET"]}}],"collection":[{"href":"https:\/\/jms.com.bo\/mediamonitor\/wp-json\/wp\/v2\/posts"}],"about":[{"href":"https:\/\/jms.com.bo\/mediamonitor\/wp-json\/wp\/v2\/types\/post"}],"author":[{"embeddable":true,"href":"https:\/\/jms.com.bo\/mediamonitor\/wp-json\/wp\/v2\/users\/4"}],"replies":[{"embeddable":true,"href":"https:\/\/jms.com.bo\/mediamonitor\/wp-json\/wp\/v2\/comments?post=43090"}],"version-history":[{"count":0,"href":"https:\/\/jms.com.bo\/mediamonitor\/wp-json\/wp\/v2\/posts\/43090\/revisions"}],"wp:featuredmedia":[{"embeddable":true,"href":"https:\/\/jms.com.bo\/mediamonitor\/wp-json\/wp\/v2\/media\/43091"}],"wp:attachment":[{"href":"https:\/\/jms.com.bo\/mediamonitor\/wp-json\/wp\/v2\/media?parent=43090"}],"wp:term":[{"taxonomy":"category","embeddable":true,"href":"https:\/\/jms.com.bo\/mediamonitor\/wp-json\/wp\/v2\/categories?post=43090"},{"taxonomy":"post_tag","embeddable":true,"href":"https:\/\/jms.com.bo\/mediamonitor\/wp-json\/wp\/v2\/tags?post=43090"}],"curies":[{"name":"wp","href":"https:\/\/api.w.org\/{rel}","templated":true}]}}