{"id":43092,"date":"2023-02-01T06:19:12","date_gmt":"2023-02-01T10:19:12","guid":{"rendered":"https:\/\/jms.com.bo\/mediamonitor\/2023\/02\/01\/salud-insta-a-la-poblacion-a-la-calma-ante-la-alerta-epidemiologica-zoosanitaria-por-la-gripe-aviar\/"},"modified":"2023-02-01T06:19:12","modified_gmt":"2023-02-01T10:19:12","slug":"salud-insta-a-la-poblacion-a-la-calma-ante-la-alerta-epidemiologica-zoosanitaria-por-la-gripe-aviar","status":"publish","type":"post","link":"https:\/\/jms.com.bo\/mediamonitor\/2023\/02\/01\/salud-insta-a-la-poblacion-a-la-calma-ante-la-alerta-epidemiologica-zoosanitaria-por-la-gripe-aviar\/","title":{"rendered":"Salud insta a la poblaci\u00f3n a la calma ante la alerta epidemiol\u00f3gica zoosanitaria por la gripe aviar"},"content":{"rendered":"<p style=\"text-align: justify;\">Frente a la declaratoria de la alerta epidemiol\u00f3gica zoosanitaria por la gripe aviar, la viceministra de Promoci\u00f3n, Vigilancia Epidemiol\u00f3gica y Medicina Tradicional, Mar\u00eda Renee Castro, inst\u00f3 a la poblaci\u00f3n a la calma y asegur\u00f3 que el virus se transmite entre aves.<\/p>\n<p style=\"text-align: justify;\">En Latinoam\u00e9rica inform\u00f3 que solo en Ecuador se registr\u00f3 un caso donde una persona se detect\u00f3 con la enfermedad, sin embargo ya fue resuelto, por lo tanto asegur\u00f3 \u201cque no hay para que generar una alerta innecesaria\u201d.<\/p>\n<p style=\"text-align: justify;\">\u201cNo hay muchos casos en el mundo, solamente se tienen tres casos, significa que los principales animales que est\u00e1n siendo afectados por este virus son las aves, aves de corral, silvestres principalmente y alguno que otro mam\u00edfero que convive con las aves\u201d, a\u00f1adi\u00f3.<\/p>\n<p style=\"text-align: justify;\">Castro inform\u00f3 que se activ\u00f3 la vigilancia epidemiol\u00f3gica para todas las influenzas en coordinaci\u00f3n con el Servicio Nacional de Sanidad e Inocuidad Alimentaria (Senasag).<\/p>\n<p style=\"text-align: justify;\">\u201cEs muy poco probable en este momento que haya una transmisi\u00f3n de estas aves a trav\u00e9s del pollo hacia el resto de los consumidores\u201d, a\u00f1adi\u00f3.<\/p>\n<p style=\"text-align: justify;\">El ministro de Desarrollo Rural y Tierras, Remmy Gonzales, inform\u00f3 que el virus que se detect\u00f3 en las aves de tipo H5, exclusivo para la aves e inform\u00f3 que la situaci\u00f3n se encuentra controlada con la eliminaci\u00f3n de 160.000 pollos en granjas de Sacaba y Quillacollo, en Cochabamba.<\/p>\n<p style=\"text-align: justify;\">\u201cTodo el pollo que se est\u00e1 comercializando actualmente y a futuro va estar totalmente controlado y verificado por Senasag y vamos a seguir garantizando la inocuidad de los alimentos que consumimos los bolivianos\u201d, remarc\u00f3.<\/p>\n<p style=\"text-align: justify;\">El director del Senasag) Javier Su\u00e1rez, se\u00f1al\u00f3 que estableci\u00f3 una zona de contenci\u00f3n en los lugares donde fueron afectados para evitar la salida de cualquier ave viva a cualquier departamento de Cochabamba para evitar que puedan contagiar a otras aves.<\/p>\n","protected":false},"excerpt":{"rendered":"<p>Frente a la declaratoria de la alerta epidemiol\u00f3gica zoosanitaria por la gripe aviar, la viceministra de Promoci\u00f3n, Vigilancia Epidemiol\u00f3gica y Medicina Tradicional, Mar\u00eda Renee Castro, inst\u00f3 a la poblaci\u00f3n a la calma y asegur\u00f3 que el virus se transmite entre aves. En Latinoam\u00e9rica inform\u00f3 que solo en Ecuador se registr\u00f3 un caso donde una persona [&hellip;]<\/p>\n","protected":false},"author":4,"featured_media":43093,"comment_status":"open","ping_status":"open","sticky":false,"template":"","format":"standard","meta":{"footnotes":""},"categories":[53],"tags":[],"class_list":{"0":"post-43092","1":"post","2":"type-post","3":"status-publish","4":"format-standard","5":"has-post-thumbnail","7":"category-salud"},"_links":{"self":[{"href":"https:\/\/jms.com.bo\/mediamonitor\/wp-json\/wp\/v2\/posts\/43092","targetHints":{"allow":["GET"]}}],"collection":[{"href":"https:\/\/jms.com.bo\/mediamonitor\/wp-json\/wp\/v2\/posts"}],"about":[{"href":"https:\/\/jms.com.bo\/mediamonitor\/wp-json\/wp\/v2\/types\/post"}],"author":[{"embeddable":true,"href":"https:\/\/jms.com.bo\/mediamonitor\/wp-json\/wp\/v2\/users\/4"}],"replies":[{"embeddable":true,"href":"https:\/\/jms.com.bo\/mediamonitor\/wp-json\/wp\/v2\/comments?post=43092"}],"version-history":[{"count":0,"href":"https:\/\/jms.com.bo\/mediamonitor\/wp-json\/wp\/v2\/posts\/43092\/revisions"}],"wp:featuredmedia":[{"embeddable":true,"href":"https:\/\/jms.com.bo\/mediamonitor\/wp-json\/wp\/v2\/media\/43093"}],"wp:attachment":[{"href":"https:\/\/jms.com.bo\/mediamonitor\/wp-json\/wp\/v2\/media?parent=43092"}],"wp:term":[{"taxonomy":"category","embeddable":true,"href":"https:\/\/jms.com.bo\/mediamonitor\/wp-json\/wp\/v2\/categories?post=43092"},{"taxonomy":"post_tag","embeddable":true,"href":"https:\/\/jms.com.bo\/mediamonitor\/wp-json\/wp\/v2\/tags?post=43092"}],"curies":[{"name":"wp","href":"https:\/\/api.w.org\/{rel}","templated":true}]}}