{"id":43102,"date":"2023-02-01T06:26:22","date_gmt":"2023-02-01T10:26:22","guid":{"rendered":"https:\/\/jms.com.bo\/mediamonitor\/2023\/02\/01\/bolivia-y-chile-acuerdan-reforzar-uno-de-sus-pasos-fronterizos-ante-los-bloqueos-en-peru\/"},"modified":"2023-02-01T06:26:22","modified_gmt":"2023-02-01T10:26:22","slug":"bolivia-y-chile-acuerdan-reforzar-uno-de-sus-pasos-fronterizos-ante-los-bloqueos-en-peru","status":"publish","type":"post","link":"https:\/\/jms.com.bo\/mediamonitor\/2023\/02\/01\/bolivia-y-chile-acuerdan-reforzar-uno-de-sus-pasos-fronterizos-ante-los-bloqueos-en-peru\/","title":{"rendered":"Bolivia y Chile acuerdan reforzar uno de sus pasos fronterizos ante los bloqueos en Per\u00fa"},"content":{"rendered":"<p style=\"text-align: justify;\">Los Gobiernos de Bolivia y Chile han acordado este martes extender la atenci\u00f3n del paso fronterizo Chungar\u00e1-Tambo Quemado, localizado entre los dos pa\u00edses, con el fin de desbloquear el paso a numerosos camiones bolivianos varados en la frontera con Per\u00fa debido a la situaci\u00f3n socio-pol\u00edtica en la que se encuentra este \u00faltimo.<\/p>\n<p style=\"text-align: justify;\">As\u00ed lo han acordado el viceministro de Comercio Exterior e Integraci\u00f3n del Ministerio de Exteriores de Bolivia, Benjam\u00edn Blanco, y el c\u00f3nsul general de Chile en Bolivia, Fernando Velasco, todo ello despu\u00e9s de efectuar una visita al paso entre ambos pa\u00edses, que contar\u00e1 desde este momento con una seguridad reforzada, seg\u00fan ha detallado la diplomacia boliviana en un comunicado.<\/p>\n<p style=\"text-align: justify;\">\u00abSiguiendo con el esp\u00edritu de colaboraci\u00f3n y trabajo conjunto encomendado por nuestros presidentes (\u2026) especialmente, despu\u00e9s de la contingencia no atribuible ni a Chile ni a Bolivia del cierre del paso Desaguadero (entre Bolivia y Per\u00fa), dejando varados un importante n\u00famero de camiones bolivianos\u00bb, se lee en la nota firmada conjuntamente, donde se explica la justificaci\u00f3n de la medida.<\/p>\n<p style=\"text-align: justify;\">Concretamente, el horario de atenci\u00f3n de camiones del paso Fronterizo Chungar\u00e1-Tambo Quemado se extender\u00e1 una hora y media, y Bolivia enviar\u00e1 tres funcionarios extras a las dependencias, con el prop\u00f3sito de aplicar la misma medida para el control de buses.<\/p>\n<p style=\"text-align: justify;\">Ambos pa\u00edses aumentar\u00e1n sus dotaciones de funcionarios en los pasos Chungar\u00e1-Tambo Quemado y tambi\u00e9n en el paso Colchane-Pisiga, donde adem\u00e1s se pondr\u00e1 fin a las actividades de sanitizaci\u00f3n de los complejos, con el fin de no interrumpir el tr\u00e1nsito de los camiones.<\/p>\n<p style=\"text-align: justify;\">En paralelo, Bolivia y Chile est\u00e1n estudiando habilitar el paso Visvir-Chara\u00f1a para el tr\u00e1nsito de camiones vac\u00edos, seg\u00fan se detalla en la misiva.<\/p>\n<p style=\"text-align: justify;\">Ambas delegaciones han reafirmado su inter\u00e9s de efectuar durante el presente a\u00f1o una nueva versi\u00f3n del Comit\u00e9 de Frontera e Integraci\u00f3n entre Chile y Bolivia, con el fin de darle continuidad y eficacia al tratamiento de \u00e9stas y otras materias de coordinaci\u00f3n y facilitaci\u00f3n fronteriza.<\/p>\n","protected":false},"excerpt":{"rendered":"<p>Los Gobiernos de Bolivia y Chile han acordado este martes extender la atenci\u00f3n del paso fronterizo Chungar\u00e1-Tambo Quemado, localizado entre los dos pa\u00edses, con el fin de desbloquear el paso a numerosos camiones bolivianos varados en la frontera con Per\u00fa debido a la situaci\u00f3n socio-pol\u00edtica en la que se encuentra este \u00faltimo. As\u00ed lo han [&hellip;]<\/p>\n","protected":false},"author":4,"featured_media":43103,"comment_status":"open","ping_status":"open","sticky":false,"template":"","format":"standard","meta":{"footnotes":""},"categories":[49],"tags":[],"class_list":{"0":"post-43102","1":"post","2":"type-post","3":"status-publish","4":"format-standard","5":"has-post-thumbnail","7":"category-social"},"_links":{"self":[{"href":"https:\/\/jms.com.bo\/mediamonitor\/wp-json\/wp\/v2\/posts\/43102","targetHints":{"allow":["GET"]}}],"collection":[{"href":"https:\/\/jms.com.bo\/mediamonitor\/wp-json\/wp\/v2\/posts"}],"about":[{"href":"https:\/\/jms.com.bo\/mediamonitor\/wp-json\/wp\/v2\/types\/post"}],"author":[{"embeddable":true,"href":"https:\/\/jms.com.bo\/mediamonitor\/wp-json\/wp\/v2\/users\/4"}],"replies":[{"embeddable":true,"href":"https:\/\/jms.com.bo\/mediamonitor\/wp-json\/wp\/v2\/comments?post=43102"}],"version-history":[{"count":0,"href":"https:\/\/jms.com.bo\/mediamonitor\/wp-json\/wp\/v2\/posts\/43102\/revisions"}],"wp:featuredmedia":[{"embeddable":true,"href":"https:\/\/jms.com.bo\/mediamonitor\/wp-json\/wp\/v2\/media\/43103"}],"wp:attachment":[{"href":"https:\/\/jms.com.bo\/mediamonitor\/wp-json\/wp\/v2\/media?parent=43102"}],"wp:term":[{"taxonomy":"category","embeddable":true,"href":"https:\/\/jms.com.bo\/mediamonitor\/wp-json\/wp\/v2\/categories?post=43102"},{"taxonomy":"post_tag","embeddable":true,"href":"https:\/\/jms.com.bo\/mediamonitor\/wp-json\/wp\/v2\/tags?post=43102"}],"curies":[{"name":"wp","href":"https:\/\/api.w.org\/{rel}","templated":true}]}}