{"id":43106,"date":"2023-02-01T06:31:02","date_gmt":"2023-02-01T10:31:02","guid":{"rendered":"https:\/\/jms.com.bo\/mediamonitor\/2023\/02\/01\/recapturan-a-peligroso-reo-brasileno-junto-a-sus-complices-y-una-medica-tras-matar-a-un-policia-en-su-fuga\/"},"modified":"2023-02-01T06:31:02","modified_gmt":"2023-02-01T10:31:02","slug":"recapturan-a-peligroso-reo-brasileno-junto-a-sus-complices-y-una-medica-tras-matar-a-un-policia-en-su-fuga","status":"publish","type":"post","link":"https:\/\/jms.com.bo\/mediamonitor\/2023\/02\/01\/recapturan-a-peligroso-reo-brasileno-junto-a-sus-complices-y-una-medica-tras-matar-a-un-policia-en-su-fuga\/","title":{"rendered":"Recapturan a peligroso reo brasile\u00f1o junto a sus c\u00f3mplices y una m\u00e9dica, tras matar a un polic\u00eda en su fuga"},"content":{"rendered":"<p style=\"text-align: justify;\">Tras 12 horas de intensos operativos, el peligroso reo brasile\u00f1o Felipe Edvaldo Menezez Iglesias, quien utilizaba el nombre falso de Andr\u00e9s Luis Xavier Da Rocha, fue recapturado por la Polic\u00eda en la localidad de Viacha y presentado en conferencia de prensa junto a sus c\u00f3mplices y la m\u00e9dica que orden\u00f3 su salida de emergencia.<\/p>\n<p style=\"text-align: justify;\">Durante una conferencia de prensa, el ministro de Gobierno, Eduardo Del Castillo present\u00f3 uno a uno a los diferentes aprehendidos, que de acuerdo a las investigaciones preliminares, tambi\u00e9n participaron en la violenta fuga que deriv\u00f3 en la muerte de un sargento de Polic\u00eda y un uniformado herido e intervenido tras recibir impactos de bala en instalaciones del Hospital de Cl\u00ednicas.<\/p>\n<p style=\"text-align: justify;\">\u201cGracias al trabajo mancomunado, logramos la captura a las 10.32 de estos sujetos que quisieron burlarse de la justicia bolivian (\u2026). Ha sido recapturado Felipe Edvaldo Menezez Iglesias por la Polic\u00eda y la de un ciudadano Alfredo Velarde Cruz quien hab\u00eda alquilado un inmueble en la ciudad de Viacha\u201d, se\u00f1al\u00f3.<\/p>\n<p style=\"text-align: justify;\">El Ministro del Castillo a tiempo de pedir a los medios de comunicaci\u00f3n destacar los logros de la Polic\u00eda, revel\u00f3 que durante la jornada del martes salieron seis reos del penal de m\u00e1xima seguridad de Chonchocoro y que el peligroso reo brasile\u00f1o, quien fue recapturado anteriormente tras su fuga en 2021 del penal de Palmasola se vali\u00f3 de una autorizaci\u00f3n de la galena de la Defensor\u00eda ara recuperar su libertad de manera ilegal.<\/p>\n<p style=\"text-align: justify;\">\u201cDando cumplimiento a informe m\u00e9dico de emergencia expedido por la Dra. Narda Naldy Callisaya Conde, m\u00e9dico del recinto penitenciario San Pedro de Chonchocoro\u201d, el director del penal de Chonchocoro, mayor Napole\u00f3n Espejo, autoriz\u00f3 la salida del reo a las 07.00 de este martes, seg\u00fan el documento que fue difundido y que lleva la fecha del 30 de enero.<\/p>\n","protected":false},"excerpt":{"rendered":"<p>Tras 12 horas de intensos operativos, el peligroso reo brasile\u00f1o Felipe Edvaldo Menezez Iglesias, quien utilizaba el nombre falso de Andr\u00e9s Luis Xavier Da Rocha, fue recapturado por la Polic\u00eda en la localidad de Viacha y presentado en conferencia de prensa junto a sus c\u00f3mplices y la m\u00e9dica que orden\u00f3 su salida de emergencia. Durante [&hellip;]<\/p>\n","protected":false},"author":4,"featured_media":43107,"comment_status":"open","ping_status":"open","sticky":false,"template":"","format":"standard","meta":{"footnotes":""},"categories":[20],"tags":[],"class_list":{"0":"post-43106","1":"post","2":"type-post","3":"status-publish","4":"format-standard","5":"has-post-thumbnail","7":"category-actualidad"},"_links":{"self":[{"href":"https:\/\/jms.com.bo\/mediamonitor\/wp-json\/wp\/v2\/posts\/43106","targetHints":{"allow":["GET"]}}],"collection":[{"href":"https:\/\/jms.com.bo\/mediamonitor\/wp-json\/wp\/v2\/posts"}],"about":[{"href":"https:\/\/jms.com.bo\/mediamonitor\/wp-json\/wp\/v2\/types\/post"}],"author":[{"embeddable":true,"href":"https:\/\/jms.com.bo\/mediamonitor\/wp-json\/wp\/v2\/users\/4"}],"replies":[{"embeddable":true,"href":"https:\/\/jms.com.bo\/mediamonitor\/wp-json\/wp\/v2\/comments?post=43106"}],"version-history":[{"count":0,"href":"https:\/\/jms.com.bo\/mediamonitor\/wp-json\/wp\/v2\/posts\/43106\/revisions"}],"wp:featuredmedia":[{"embeddable":true,"href":"https:\/\/jms.com.bo\/mediamonitor\/wp-json\/wp\/v2\/media\/43107"}],"wp:attachment":[{"href":"https:\/\/jms.com.bo\/mediamonitor\/wp-json\/wp\/v2\/media?parent=43106"}],"wp:term":[{"taxonomy":"category","embeddable":true,"href":"https:\/\/jms.com.bo\/mediamonitor\/wp-json\/wp\/v2\/categories?post=43106"},{"taxonomy":"post_tag","embeddable":true,"href":"https:\/\/jms.com.bo\/mediamonitor\/wp-json\/wp\/v2\/tags?post=43106"}],"curies":[{"name":"wp","href":"https:\/\/api.w.org\/{rel}","templated":true}]}}