{"id":43108,"date":"2023-02-01T06:32:09","date_gmt":"2023-02-01T10:32:09","guid":{"rendered":"https:\/\/jms.com.bo\/mediamonitor\/2023\/02\/01\/prohiben-jugar-con-agua-en-carnavales-y-anuncian-racionamiento-para-actividades-comerciales\/"},"modified":"2023-02-01T06:32:09","modified_gmt":"2023-02-01T10:32:09","slug":"prohiben-jugar-con-agua-en-carnavales-y-anuncian-racionamiento-para-actividades-comerciales","status":"publish","type":"post","link":"https:\/\/jms.com.bo\/mediamonitor\/2023\/02\/01\/prohiben-jugar-con-agua-en-carnavales-y-anuncian-racionamiento-para-actividades-comerciales\/","title":{"rendered":"Proh\u00edben jugar con agua en carnavales y anuncian racionamiento para actividades comerciales"},"content":{"rendered":"<p style=\"text-align: justify;\">El ministro de Medio Ambiente y Agua (MMAyA), Juan Santos, inform\u00f3 que por resoluci\u00f3n ministerial 033\/2023 est\u00e1 prohibido el uso inapropiado del agua potable durante las fiestas carnavaleras; adem\u00e1s, anunci\u00f3 el racionamiento del l\u00edquido elemento en las actividades comerciales como los lavaderos de autos.<\/p>\n<p style=\"text-align: justify;\">\u00abEl art\u00edculo 20 de la Constituci\u00f3n Pol\u00edtica del Estado se\u00f1ala que toda persona tiene derecho al acceso universal y equitativo de los servicios b\u00e1sicos del agua potable; por tanto, esta resoluci\u00f3n resuelve prohibir el uso inapropiado de agua potable para el consumo humano durante las festividades del carnaval evitando el desperdicio de l\u00edquido elemento aplicable en todo el territorio nacional\u00bb, reza la resoluci\u00f3n ministerial emitida esta jornada.<\/p>\n<p style=\"text-align: justify;\">El titular de Medio Ambiente y Agua explic\u00f3 que la decisi\u00f3n fue tomada porque, producto de los cambios clim\u00e1ticos, las represas de agua no est\u00e1n en su m\u00e1xima capacidad de almacenamiento; en ese sentido, se busca concientizar el uso adecuado del agua potable.<\/p>\n<p style=\"text-align: justify;\">La autoridad pidi\u00f3 a la poblaci\u00f3n no desperdiciar el agua potable, pero mantener la tradici\u00f3n de las fiestas carnavaleras como cada a\u00f1o.<\/p>\n<p style=\"text-align: justify;\">\u00abSon 10 represas que tenemos construidas para garantizar el agua potable para la ciudad de La Paz, El Alto y otros municipios. Lamentablemente hasta el momento las lluvias que ya deber\u00edan presentarse, pero, como en gestiones, pasadas han sido un poco reducidas\u00bb, indic\u00f3.<\/p>\n<p style=\"text-align: justify;\">Las 10 represas est\u00e1n ocupadas por debajo del 50%, en promedio, pero se espera que durante los meses de febrero y marzo se llenen porque se prev\u00e9 lluvias.<\/p>\n<p style=\"text-align: justify;\">A manera de prevenci\u00f3n, la autoridad anunci\u00f3 la racionalizaci\u00f3n del l\u00edquido elemento en actividades comerciales, por ejemplo, en las construcciones y lavaderos de autos.<\/p>\n<p style=\"text-align: justify;\">\u00abLas medidas urgentes que vamos a implementar desde la instituci\u00f3n de EPSAS (Empresa P\u00fablica de Saneamiento de Aguas) es que se va racionalizar el agua en actividades econ\u00f3micas principalmente las que tienen que ver, por ejemplo, como lavaderos de autos y construcciones de edificaciones\u00bb, anunci\u00f3 la autoridad.<\/p>\n<p style=\"text-align: justify;\">La racionalizaci\u00f3n tiene que ver con un incremento de precio en las facturas para los lavaderos de autos, construcciones y otro tipo de actividad que tengan que ver con el uso constante del agua potable.<\/p>\n<p style=\"text-align: justify;\">La Paz<\/p>\n<p style=\"text-align: justify;\">El alcalde del municipio de La Paz, Iv\u00e1n Arias, tambi\u00e9n anunci\u00f3 la prohibici\u00f3n de jugar con agua durante las fiestas carnavaleras por la ausencia de lluvias y la baja recaudaci\u00f3n de agua en las represas; tambi\u00e9n advirti\u00f3 con sanciones pecuniarias a quienes incumplan esa determinaci\u00f3n.<\/p>\n<p style=\"text-align: justify;\">\u00abEn cuanto al carnaval, nosotros vamos sacar una disposici\u00f3n donde estableceremos por supuesto la prohibici\u00f3n del uso de agua en esta \u00e9poca de carnaval, porque no estamos para botar y desperdiciar el agua\u00bb, sostuvo.<\/p>\n<p style=\"text-align: justify;\">Cochabamba<\/p>\n<p style=\"text-align: justify;\">Las autoridades del municipio de Cochabamba recordaron a la poblaci\u00f3n que est\u00e1 vigente la Ley Municipal N\u00famero 0186 de 2017 que proh\u00edbe el uso de agua potable para juego con globos, chisguetes, mangueras, camiones cisterna u otro elemento que derroche el uso de agua potable.<\/p>\n","protected":false},"excerpt":{"rendered":"<p>El ministro de Medio Ambiente y Agua (MMAyA), Juan Santos, inform\u00f3 que por resoluci\u00f3n ministerial 033\/2023 est\u00e1 prohibido el uso inapropiado del agua potable durante las fiestas carnavaleras; adem\u00e1s, anunci\u00f3 el racionamiento del l\u00edquido elemento en las actividades comerciales como los lavaderos de autos. \u00abEl art\u00edculo 20 de la Constituci\u00f3n Pol\u00edtica del Estado se\u00f1ala que [&hellip;]<\/p>\n","protected":false},"author":4,"featured_media":43109,"comment_status":"open","ping_status":"open","sticky":false,"template":"","format":"standard","meta":{"footnotes":""},"categories":[20],"tags":[],"class_list":{"0":"post-43108","1":"post","2":"type-post","3":"status-publish","4":"format-standard","5":"has-post-thumbnail","7":"category-actualidad"},"_links":{"self":[{"href":"https:\/\/jms.com.bo\/mediamonitor\/wp-json\/wp\/v2\/posts\/43108","targetHints":{"allow":["GET"]}}],"collection":[{"href":"https:\/\/jms.com.bo\/mediamonitor\/wp-json\/wp\/v2\/posts"}],"about":[{"href":"https:\/\/jms.com.bo\/mediamonitor\/wp-json\/wp\/v2\/types\/post"}],"author":[{"embeddable":true,"href":"https:\/\/jms.com.bo\/mediamonitor\/wp-json\/wp\/v2\/users\/4"}],"replies":[{"embeddable":true,"href":"https:\/\/jms.com.bo\/mediamonitor\/wp-json\/wp\/v2\/comments?post=43108"}],"version-history":[{"count":0,"href":"https:\/\/jms.com.bo\/mediamonitor\/wp-json\/wp\/v2\/posts\/43108\/revisions"}],"wp:featuredmedia":[{"embeddable":true,"href":"https:\/\/jms.com.bo\/mediamonitor\/wp-json\/wp\/v2\/media\/43109"}],"wp:attachment":[{"href":"https:\/\/jms.com.bo\/mediamonitor\/wp-json\/wp\/v2\/media?parent=43108"}],"wp:term":[{"taxonomy":"category","embeddable":true,"href":"https:\/\/jms.com.bo\/mediamonitor\/wp-json\/wp\/v2\/categories?post=43108"},{"taxonomy":"post_tag","embeddable":true,"href":"https:\/\/jms.com.bo\/mediamonitor\/wp-json\/wp\/v2\/tags?post=43108"}],"curies":[{"name":"wp","href":"https:\/\/api.w.org\/{rel}","templated":true}]}}