{"id":43112,"date":"2023-02-01T06:35:03","date_gmt":"2023-02-01T10:35:03","guid":{"rendered":"https:\/\/jms.com.bo\/mediamonitor\/2023\/02\/01\/desde-2022-al-menos-seis-hechos-ahondaron-la-crisis-interna-en-el-mas\/"},"modified":"2023-02-01T06:35:03","modified_gmt":"2023-02-01T10:35:03","slug":"desde-2022-al-menos-seis-hechos-ahondaron-la-crisis-interna-en-el-mas","status":"publish","type":"post","link":"https:\/\/jms.com.bo\/mediamonitor\/2023\/02\/01\/desde-2022-al-menos-seis-hechos-ahondaron-la-crisis-interna-en-el-mas\/","title":{"rendered":"Desde 2022, al menos seis hechos ahondaron la crisis interna en el MAS"},"content":{"rendered":"<p style=\"text-align: justify;\">Desde fines de 2022 hasta la fecha, al menos seis hechos ahondaron la crisis interna en el Movimiento Al Socialismo (MAS), pues se registr\u00f3 divisi\u00f3n entre sectores sociales, legisladores y los principales representantes de esa fuerza pol\u00edtica: el exmandatario Evo Morales y el presidente Luis Arce.<\/p>\n<p style=\"text-align: justify;\">El a\u00f1o pasado, entre octubre y noviembre, la ley del Censo gener\u00f3 una evidente fractura en el frente oficialista al interior de la Asamblea Legislativa. Los denominados \u201crenovadores\u201d, afines a Arce, promovieron la aprobaci\u00f3n de la norma, que fij\u00f3 el empadronamiento para 2024.<\/p>\n<p style=\"text-align: justify;\">As\u00ed, se puso fin a 36 d\u00edas de paro en Santa Cruz, donde c\u00edvico y pol\u00edticos demandaban Censo para 2023, pero al final terminaron aceptando la nueva fecha.<\/p>\n<p style=\"text-align: justify;\">Esa acci\u00f3n gener\u00f3 molestia en el bloque \u201cevista\u201d, que acus\u00f3 a sus colegas de traidores por un presunto \u201cpacto\u201d con la derecha.<\/p>\n<p style=\"text-align: justify;\">A este escenario de crisis le sigui\u00f3 la aprobaci\u00f3n del Presupuesto General del Estado (PGE), batalla que tambi\u00e9n se libr\u00f3 en el Legislativo, entre \u201crenovadores\u201d y \u201cevistas\u201d.<\/p>\n<p style=\"text-align: justify;\">La aprobaci\u00f3n de la norma estuvo en vilo por falta de acuerdo entre los propios oficialistas.<\/p>\n<p style=\"text-align: justify;\">Otro hecho que agrav\u00f3 la crisis interna fue la pol\u00e9mica que activ\u00f3 el diputado Rolando Enr\u00edquez Cuellar, quien present\u00f3 a la prensa cartas con firmas falsificadas, en las que presuntamente la dirigencia del MAS agradec\u00eda aportes de personas implicadas con el narcotr\u00e1fico.<\/p>\n<p style=\"text-align: justify;\">Al final, el legislador fue expulsado del partido y se le conmin\u00f3 a que no realice declaraciones a nombre del partido.<\/p>\n<p style=\"text-align: justify;\">En torno a esa divisi\u00f3n interna, tambi\u00e9n se registr\u00f3, entre diciembre y enero, la expulsi\u00f3n de al menos 12 legisladores \u201crenovadores\u201d por decisi\u00f3n de ampliados departamentales de ese partido.<\/p>\n<p style=\"text-align: justify;\">Otro hecho de divisi\u00f3n marcada fue que el MAS conmemor\u00f3 \u201cquebrado\u201d el 22 de enero, D\u00eda del Estado Plurinacional, pues Arce organiz\u00f3 los festejos en La Paz, mientras que Morales lo hizo en Argentina.<\/p>\n<p style=\"text-align: justify;\">Al respecto, el exmandatario apunt\u00f3 a los ministros de la Presidencia, de Gobierno y de Defensa de ser los \u201coperadores\u201d de la crisis interna en ese partido.<\/p>\n<p style=\"text-align: justify;\">El sexto y m\u00e1s reciente hecho se registr\u00f3 este martes, cuando la direcci\u00f3n nacional del MAS denunci\u00f3 que el vicepresidente David Choquehuanca y cuatro legisladores activaron acciones en contra del estatuto de ese partido, lo que ha generado nuevos roces al interior de ese frente pol\u00edtico.<\/p>\n<p style=\"text-align: justify;\">A trav\u00e9s de un comunicado, el MAS acus\u00f3 abiertamente a la autoridad del Estado y a los legisladores denominados \u201crenovadores\u201d de \u201catentar\u201d contra la norma interna.<\/p>\n","protected":false},"excerpt":{"rendered":"<p>Desde fines de 2022 hasta la fecha, al menos seis hechos ahondaron la crisis interna en el Movimiento Al Socialismo (MAS), pues se registr\u00f3 divisi\u00f3n entre sectores sociales, legisladores y los principales representantes de esa fuerza pol\u00edtica: el exmandatario Evo Morales y el presidente Luis Arce. El a\u00f1o pasado, entre octubre y noviembre, la ley [&hellip;]<\/p>\n","protected":false},"author":4,"featured_media":43113,"comment_status":"open","ping_status":"open","sticky":false,"template":"","format":"standard","meta":{"footnotes":""},"categories":[18],"tags":[],"class_list":{"0":"post-43112","1":"post","2":"type-post","3":"status-publish","4":"format-standard","5":"has-post-thumbnail","7":"category-politica"},"_links":{"self":[{"href":"https:\/\/jms.com.bo\/mediamonitor\/wp-json\/wp\/v2\/posts\/43112","targetHints":{"allow":["GET"]}}],"collection":[{"href":"https:\/\/jms.com.bo\/mediamonitor\/wp-json\/wp\/v2\/posts"}],"about":[{"href":"https:\/\/jms.com.bo\/mediamonitor\/wp-json\/wp\/v2\/types\/post"}],"author":[{"embeddable":true,"href":"https:\/\/jms.com.bo\/mediamonitor\/wp-json\/wp\/v2\/users\/4"}],"replies":[{"embeddable":true,"href":"https:\/\/jms.com.bo\/mediamonitor\/wp-json\/wp\/v2\/comments?post=43112"}],"version-history":[{"count":0,"href":"https:\/\/jms.com.bo\/mediamonitor\/wp-json\/wp\/v2\/posts\/43112\/revisions"}],"wp:featuredmedia":[{"embeddable":true,"href":"https:\/\/jms.com.bo\/mediamonitor\/wp-json\/wp\/v2\/media\/43113"}],"wp:attachment":[{"href":"https:\/\/jms.com.bo\/mediamonitor\/wp-json\/wp\/v2\/media?parent=43112"}],"wp:term":[{"taxonomy":"category","embeddable":true,"href":"https:\/\/jms.com.bo\/mediamonitor\/wp-json\/wp\/v2\/categories?post=43112"},{"taxonomy":"post_tag","embeddable":true,"href":"https:\/\/jms.com.bo\/mediamonitor\/wp-json\/wp\/v2\/tags?post=43112"}],"curies":[{"name":"wp","href":"https:\/\/api.w.org\/{rel}","templated":true}]}}