{"id":43114,"date":"2023-02-01T06:36:39","date_gmt":"2023-02-01T10:36:39","guid":{"rendered":"https:\/\/jms.com.bo\/mediamonitor\/2023\/02\/01\/filtran-audio-en-el-que-evo-presuntamente-se-refiere-al-pedido-de-revocatorio-de-arce-morales-aduce-manipulacion\/"},"modified":"2023-02-01T06:36:39","modified_gmt":"2023-02-01T10:36:39","slug":"filtran-audio-en-el-que-evo-presuntamente-se-refiere-al-pedido-de-revocatorio-de-arce-morales-aduce-manipulacion","status":"publish","type":"post","link":"https:\/\/jms.com.bo\/mediamonitor\/2023\/02\/01\/filtran-audio-en-el-que-evo-presuntamente-se-refiere-al-pedido-de-revocatorio-de-arce-morales-aduce-manipulacion\/","title":{"rendered":"Filtran audio en el que Evo presuntamente se refiere al pedido de revocatorio de Arce; Morales aduce \u2018manipulaci\u00f3n\u2019"},"content":{"rendered":"<p style=\"text-align: justify;\">En las \u00faltimas horas de este martes se filtr\u00f3 un audio en el que supuestamente el expresidente Evo Morales se refiere al pedido de &#8216;las bases&#8217; en el tr\u00f3pico de Cochabamba, para revocar el mandato del presidente Luis Arce Catacora.<\/p>\n<p style=\"text-align: justify;\">\u201c\u00bfC\u00f3mo van a revocar al Lucho?, las bases, \u00bfc\u00f3mo van a revocar al Lucho? \u00bfla gente qu\u00e9 pregunta a la base?\u201d, pregunta Morales ante un grupo de personas.<\/p>\n<p style=\"text-align: justify;\">Seg\u00fan el audio de 30 segundos, difundido por Dtv, el l\u00edder cocalero afirma que, cuando viaja al campo, y no solamente al tr\u00f3pico de Cochabamba, la gente le consulta: \u00ab\u00bfHasta cu\u00e1ndo vamos a aguantar al Lucho?\u00bb.<\/p>\n<p style=\"text-align: justify;\">\u201cEn el campo es generalizado, \u00bfhasta cu\u00e1ndo vamos a aguantar al Lucho? \u00bfQu\u00e9 est\u00e1 haciendo?, \u00bfCu\u00e1ndo vamos a sacar al Lucho?\u201d, enfatiza.<\/p>\n<p style=\"text-align: justify;\">Despu\u00e9s de revelarse una parte de esta grabaci\u00f3n, el actual presidente del Movimiento Al Socialismo (MAS) se pronunci\u00f3 la noche de este martes en su cuenta de Twitter.<\/p>\n<p style=\"text-align: justify;\">Morales no niega el audio ni la conversaci\u00f3n con el grupo de personas, pero rechaza la \u201cmanipulaci\u00f3n de mala fe de una grabaci\u00f3n\u201d, por \u201coperadores pol\u00edticos de la derecha interna\u201d.<\/p>\n<p style=\"text-align: justify;\">\u201cLamento mucho y rechazo la manipulaci\u00f3n de mala fe de una grabaci\u00f3n que operadores pol\u00edticos de la derecha interna intenta usar en nuestra contra para afectar la unidad del MAS-IPSP\u201d, expres\u00f3 el cocalero y jefe masista.<\/p>\n<p style=\"text-align: justify;\">A trav\u00e9s de sus redes sociales, Evo denunci\u00f3 una \u201cpersecuci\u00f3n y espionaje de quienes usan la mentira para dividirnos\u201d.<\/p>\n<p style=\"text-align: justify;\">Consultado sobre el tema, el vocero presidencial, Jorge Richter, manifest\u00f3 escuetamente a EL DEBER que la vocer\u00eda no se manifestar\u00eda sobre el mencionado audio.<\/p>\n<p style=\"text-align: justify;\">Por su parte el diputado del MAS y del ala \u2018arcista\u2019, Rolando Cu\u00e9llar, acus\u00f3 a Morales de incurrir en el delito de sedici\u00f3n al mencionar el presunto pedido de revocatoria.<\/p>\n<p style=\"text-align: justify;\">\u201cEl se\u00f1or Evo Morales, de ser un exl\u00edder del MAS, se convierte en un servil golpista de la derecha traidor y, sobre todo, comete delito de sedici\u00f3n\u201d, expres\u00f3 en su cuenta Twitter.<\/p>\n<p style=\"text-align: justify;\">El cabildo que se realiz\u00f3 en Santa Cruz el 25 de enero, entre sus determinaciones, conmin\u00f3 al Gobierno nacional a que instruya y viabilice la aprobaci\u00f3n de una ley de amnist\u00eda de un plazo no mayor de 30 d\u00edas que determine la liberaci\u00f3n de Luis Fernando Camacho y de todos los presos pol\u00edticos de Bolivia.<\/p>\n<p style=\"text-align: justify;\">En caso de incumplimiento, la multitudinaria concentraci\u00f3n aprob\u00f3 impulsar activamente un proceso constitucional para revocar el mandato del presidente Luis Arce Catacora, a partir de mayo pr\u00f3ximo, por constituir su Gobierno un r\u00e9gimen dictatorial y antidemocr\u00e1tico.<\/p>\n","protected":false},"excerpt":{"rendered":"<p>En las \u00faltimas horas de este martes se filtr\u00f3 un audio en el que supuestamente el expresidente Evo Morales se refiere al pedido de &#8216;las bases&#8217; en el tr\u00f3pico de Cochabamba, para revocar el mandato del presidente Luis Arce Catacora. \u201c\u00bfC\u00f3mo van a revocar al Lucho?, las bases, \u00bfc\u00f3mo van a revocar al Lucho? \u00bfla [&hellip;]<\/p>\n","protected":false},"author":4,"featured_media":43115,"comment_status":"open","ping_status":"open","sticky":false,"template":"","format":"standard","meta":{"footnotes":""},"categories":[18],"tags":[],"class_list":{"0":"post-43114","1":"post","2":"type-post","3":"status-publish","4":"format-standard","5":"has-post-thumbnail","7":"category-politica"},"_links":{"self":[{"href":"https:\/\/jms.com.bo\/mediamonitor\/wp-json\/wp\/v2\/posts\/43114","targetHints":{"allow":["GET"]}}],"collection":[{"href":"https:\/\/jms.com.bo\/mediamonitor\/wp-json\/wp\/v2\/posts"}],"about":[{"href":"https:\/\/jms.com.bo\/mediamonitor\/wp-json\/wp\/v2\/types\/post"}],"author":[{"embeddable":true,"href":"https:\/\/jms.com.bo\/mediamonitor\/wp-json\/wp\/v2\/users\/4"}],"replies":[{"embeddable":true,"href":"https:\/\/jms.com.bo\/mediamonitor\/wp-json\/wp\/v2\/comments?post=43114"}],"version-history":[{"count":0,"href":"https:\/\/jms.com.bo\/mediamonitor\/wp-json\/wp\/v2\/posts\/43114\/revisions"}],"wp:featuredmedia":[{"embeddable":true,"href":"https:\/\/jms.com.bo\/mediamonitor\/wp-json\/wp\/v2\/media\/43115"}],"wp:attachment":[{"href":"https:\/\/jms.com.bo\/mediamonitor\/wp-json\/wp\/v2\/media?parent=43114"}],"wp:term":[{"taxonomy":"category","embeddable":true,"href":"https:\/\/jms.com.bo\/mediamonitor\/wp-json\/wp\/v2\/categories?post=43114"},{"taxonomy":"post_tag","embeddable":true,"href":"https:\/\/jms.com.bo\/mediamonitor\/wp-json\/wp\/v2\/tags?post=43114"}],"curies":[{"name":"wp","href":"https:\/\/api.w.org\/{rel}","templated":true}]}}