{"id":43116,"date":"2023-02-01T06:38:20","date_gmt":"2023-02-01T10:38:20","guid":{"rendered":"https:\/\/jms.com.bo\/mediamonitor\/2023\/02\/01\/tribunal-de-sentencia-ordena-a-la-felcv-recibir-la-denuncia-de-fatima-jordan-esposa-de-camacho\/"},"modified":"2023-02-01T06:40:32","modified_gmt":"2023-02-01T10:40:32","slug":"tribunal-de-sentencia-ordena-a-la-felcv-recibir-la-denuncia-de-fatima-jordan-esposa-de-camacho","status":"publish","type":"post","link":"https:\/\/jms.com.bo\/mediamonitor\/2023\/02\/01\/tribunal-de-sentencia-ordena-a-la-felcv-recibir-la-denuncia-de-fatima-jordan-esposa-de-camacho\/","title":{"rendered":"Tribunal de Sentencia ordena a la Felcv recibir la denuncia de F\u00e1tima Jordan, esposa de Camacho"},"content":{"rendered":"<p style=\"text-align: justify;\">El Tribunal Octavo de Sentencia orden\u00f3 este martes que la Fuerza Especial de Lucha Contra la Violencia (Felcv) de La Paz, reciba la denuncia F\u00e1tima Jordan, esposa del gobernador Luis Fernando Camacho, ante el hallazgo de la c\u00e1mara esp\u00eda en la celda donde cumple detenci\u00f3n prevenitva, en el recinto penitenciario de Chonchocoro.<\/p>\n<p style=\"text-align: justify;\">De acuerdo con la informaci\u00f3n a la que accedi\u00f3 EL DEBER, el juez a cargo del Tribunal, concedi\u00f3 dos acciones de tutela solicitada por Jordan, para que la denuncia sea admitida en la plataforma de la Felcv de la sede de Gobierno, dentro de las 24 horas a la notificaci\u00f3n.<\/p>\n<p style=\"text-align: justify;\">El abogado del gobernador cruce\u00f1o, Juan Carlos Camacho, inform\u00f3 a esta casa period\u00edstica que, ante esta determinaci\u00f3n de la justicia, se confirma el planteamiento de la defensa de que el director regional en La Paz de R\u00e9gimen Penitenciario, Franz Laura, \u00abha venido vulnerando los derechos de Luis Fernando Camacho, su familia y concretamente su esposa\u00bb.<\/p>\n<p style=\"text-align: justify;\">\u201cIndependientemente de ello, la Felcv omiti\u00f3 sus obligaciones como funcionarios de atenci\u00f3n prioritaria y (el fallo) respalda nuestra denuncia de incumplimiento de deberes en situaci\u00f3n de violencia\u201d, afirm\u00f3 el jurista.<\/p>\n<p style=\"text-align: justify;\">Camacho se\u00f1al\u00f3 que tanto el director nacional de la Fuerza Especial de Lucha Contra la Violencia (Felcv), el coronel Rub\u00e9n Lobat\u00f3n, como el personal de esa repartici\u00f3n policial, demostraron un \u201calto grado de indiferencia en atenci\u00f3n de mujeres en situaci\u00f3n de violencia\u201d.<\/p>\n<p style=\"text-align: justify;\">Anunci\u00f3 que continuar\u00e1n con las acciones y la interposici\u00f3n de la denuncia por la c\u00e1mara esp\u00eda hallada en la celda de Camacho, como se dispuso en la resoluci\u00f3n.<\/p>\n<p style=\"text-align: justify;\">El juez sostuvo que, la acci\u00f3n de tutela concedida, instruye a la Felcv a investigar con perspectiva de g\u00e9nero y que se aplique la Ley 348 Integral para Garantizar a las Mujeres una Vida.<\/p>\n<p style=\"text-align: justify;\">\u201c(Que) Cualquiera de los funcionarios policiales de turno recepcione la denuncia en la unidad de la Felcv de la ciudad de La Paz y ser\u00e1 el fiscal quien realice la observaci\u00f3n de la denuncia si el caso as\u00ed corresponda\u201d, dijo.<\/p>\n<p style=\"text-align: justify;\">El lunes, en conferencia de prensa y acompa\u00f1ada por legisladoras, F\u00e1tima Jordan manifest\u00f3 que acudir\u00e1 a todas las instancias legales a fin de dar con los responsables de colocar la c\u00e1mara en la celda de Camacho, detenido desde el 30 de diciembre en el recinto penitenciario de Chonchocoro.<\/p>\n<p style=\"text-align: justify;\">\u201cQuiero denunciar un grave abuso que el gobierno ha cometido contra mi condici\u00f3n de mujer. El gobierno ha puesto c\u00e1maras escondidas para grabar donde tienen injustamente secuestrado a mi esposo, Luis Fernando Camacho. Yo soy la persona que acompa\u00f1a a mi esposo en su celda y con esas c\u00e1maras el Gobierno ha grabado mi intimidad como mujer y nuestra intimidad como pareja\u00bb, sostuvo en la oportunidad Jord\u00e1n.<\/p>\n","protected":false},"excerpt":{"rendered":"<p>El Tribunal Octavo de Sentencia orden\u00f3 este martes que la Fuerza Especial de Lucha Contra la Violencia (Felcv) de La Paz, reciba la denuncia F\u00e1tima Jordan, esposa del gobernador Luis Fernando Camacho, ante el hallazgo de la c\u00e1mara esp\u00eda en la celda donde cumple detenci\u00f3n prevenitva, en el recinto penitenciario de Chonchocoro. De acuerdo con [&hellip;]<\/p>\n","protected":false},"author":4,"featured_media":43117,"comment_status":"open","ping_status":"open","sticky":false,"template":"","format":"standard","meta":{"footnotes":""},"categories":[18,48,46],"tags":[],"class_list":{"0":"post-43116","1":"post","2":"type-post","3":"status-publish","4":"format-standard","5":"has-post-thumbnail","7":"category-politica","8":"category-portada-general-sitio","9":"category-portada-politica"},"_links":{"self":[{"href":"https:\/\/jms.com.bo\/mediamonitor\/wp-json\/wp\/v2\/posts\/43116","targetHints":{"allow":["GET"]}}],"collection":[{"href":"https:\/\/jms.com.bo\/mediamonitor\/wp-json\/wp\/v2\/posts"}],"about":[{"href":"https:\/\/jms.com.bo\/mediamonitor\/wp-json\/wp\/v2\/types\/post"}],"author":[{"embeddable":true,"href":"https:\/\/jms.com.bo\/mediamonitor\/wp-json\/wp\/v2\/users\/4"}],"replies":[{"embeddable":true,"href":"https:\/\/jms.com.bo\/mediamonitor\/wp-json\/wp\/v2\/comments?post=43116"}],"version-history":[{"count":1,"href":"https:\/\/jms.com.bo\/mediamonitor\/wp-json\/wp\/v2\/posts\/43116\/revisions"}],"predecessor-version":[{"id":43118,"href":"https:\/\/jms.com.bo\/mediamonitor\/wp-json\/wp\/v2\/posts\/43116\/revisions\/43118"}],"wp:featuredmedia":[{"embeddable":true,"href":"https:\/\/jms.com.bo\/mediamonitor\/wp-json\/wp\/v2\/media\/43117"}],"wp:attachment":[{"href":"https:\/\/jms.com.bo\/mediamonitor\/wp-json\/wp\/v2\/media?parent=43116"}],"wp:term":[{"taxonomy":"category","embeddable":true,"href":"https:\/\/jms.com.bo\/mediamonitor\/wp-json\/wp\/v2\/categories?post=43116"},{"taxonomy":"post_tag","embeddable":true,"href":"https:\/\/jms.com.bo\/mediamonitor\/wp-json\/wp\/v2\/tags?post=43116"}],"curies":[{"name":"wp","href":"https:\/\/api.w.org\/{rel}","templated":true}]}}