{"id":43125,"date":"2023-02-01T06:45:26","date_gmt":"2023-02-01T10:45:26","guid":{"rendered":"https:\/\/jms.com.bo\/mediamonitor\/2023\/02\/01\/ejecucion-de-la-inversion-publica-llego-al-525-ven-problemas-con-financiamiento\/"},"modified":"2023-02-01T06:45:26","modified_gmt":"2023-02-01T10:45:26","slug":"ejecucion-de-la-inversion-publica-llego-al-525-ven-problemas-con-financiamiento","status":"publish","type":"post","link":"https:\/\/jms.com.bo\/mediamonitor\/2023\/02\/01\/ejecucion-de-la-inversion-publica-llego-al-525-ven-problemas-con-financiamiento\/","title":{"rendered":"Ejecuci\u00f3n de la inversi\u00f3n p\u00fablica lleg\u00f3 al 52,5%; ven problemas con financiamiento"},"content":{"rendered":"<p style=\"text-align: justify;\">La ejecuci\u00f3n de la inversi\u00f3n p\u00fablica en 2022 lleg\u00f3 al 52,5%, una de las m\u00e1s bajas de los \u00faltimos a\u00f1os. Expertos se\u00f1alan que esto se debi\u00f3 a problemas para hallar financiamiento y a la burocracia estatal.<\/p>\n<p style=\"text-align: justify;\">Para 2022 se ten\u00eda programada una inversi\u00f3n p\u00fablica de 5.015 millones de d\u00f3lares, de los cuales s\u00f3lo se ejecutaron 2.634 millones de d\u00f3lares, el 52,5%.<\/p>\n<p style=\"text-align: justify;\">\u201cDe acuerdo con los datos preliminares del Sistema de Informaci\u00f3n de Gesti\u00f3n P\u00fablica, el a\u00f1o pasado se alcanz\u00f3 a una ejecuci\u00f3n en inversi\u00f3n p\u00fablica total de 2.634 millones de d\u00f3lares\u201d, se\u00f1al\u00f3 en una conferencia de prensa el ministro de Planificaci\u00f3n, Sergio Cusicanqui.<\/p>\n<p style=\"text-align: justify;\">La autoridad agreg\u00f3 que del total ejecutado, la administraci\u00f3n central ejecut\u00f3 2.015 millones de d\u00f3lares, la administraci\u00f3n departamental 210 millones de d\u00f3lares y la administraci\u00f3n local 409 millones de d\u00f3lares.<\/p>\n<p style=\"text-align: justify;\">\u201cEl actor principal de la inversi\u00f3n p\u00fablica es el Gobierno central a trav\u00e9s de sus diferentes entidades ejecutoras. Es el actor fundamental dentro de lo que es la inversi\u00f3n p\u00fablica con ese 76%\u201d, indic\u00f3.<\/p>\n<p style=\"text-align: justify;\">Respecto a las entidades y ministerios con mayor ejecuci\u00f3n presupuestaria, Cusicanqui indic\u00f3 que la Administradora Boliviana de Carreteras (ABC) ejecut\u00f3 algo m\u00e1s de 532 millones de d\u00f3lares, seguida de la Empresa Nacional de Electricidad (ENDE) con 195 millones de d\u00f3lares, la Empresa Sider\u00fargica del Mut\u00fan (ESM) con 138 millones de d\u00f3lares.<\/p>\n<p style=\"text-align: justify;\">Adem\u00e1s del Ministerio de Medio Ambiente y Agua con 127 millones de d\u00f3lares y su par de Obras P\u00fablicas, Servicios y Vivienda con 126 millones, entre los principales ejecutores del monto total durante 2022.<\/p>\n<p style=\"text-align: justify;\">\u201cLas gobernaciones solamente han ejecutado alrededor de 205 millones de d\u00f3lares en comparaci\u00f3n con la ejecuci\u00f3n de un poco m\u00e1s de 2.000 millones de d\u00f3lares del Gobierno central. Eso demuestra nuevamente lo fundamental que resulta ser el Gobierno central en la ejecuci\u00f3n de la inversi\u00f3n p\u00fablica\u201d, sostuvo el ministro.<\/p>\n<p style=\"text-align: justify;\">Cusicanqui indic\u00f3 que las gobernaciones de Potos\u00ed y La Paz reportan mayor ejecuci\u00f3n de inversi\u00f3n p\u00fablica en 2022; asimismo, los municipios de Santa Cruz y La Paz son los que tambi\u00e9n alcanzaron m\u00e1s ejecuci\u00f3n.<\/p>\n<p style=\"text-align: justify;\">En su exposici\u00f3n, Cusicanqui evit\u00f3 hablar de porcentajes de ejecuci\u00f3n sobre el total presupuestado.<\/p>\n<p style=\"text-align: justify;\">Baja ejecuci\u00f3n<\/p>\n<p style=\"text-align: justify;\">Seg\u00fan el analista financiero Jaime Dunn, la baja ejecuci\u00f3n de la inversi\u00f3n p\u00fablica se puede explicar por la dificultad del Estado para conseguir financiamiento para los proyectos.<\/p>\n<p style=\"text-align: justify;\">\u201cEl a\u00f1o pasado se esperaba emitir bonos en el exterior por m\u00e1s de 2.000 millones de d\u00f3lares y por 1.000 millones de d\u00f3lares se iba a ir a la inversi\u00f3n p\u00fablica. Como los bonos no se han logrado emitir, no ha habido los recursos suficientes. El otro tema es que para ejecutar la inversi\u00f3n p\u00fablica es necesario tambi\u00e9n que haya contraparte por parte de los municipios o gobernaciones y ellos por falta de presupuesto a veces no tienen las contrapartes y por eso no se puede ejecutar el presupuesto\u201d, explic\u00f3.<\/p>\n<p style=\"text-align: justify;\">Por su parte, el econom\u00edsta Gonzalo Ch\u00e1vez se\u00f1al\u00f3 que sumada a la falta de recursos, otra de las razones es la excesiva burocracia y las trabas que pone el Gobierno central a los gobiernos subnacionales.<\/p>\n<p style=\"text-align: justify;\">\u201cLa primera raz\u00f3n es que no hay plata. Si el Gobierno est\u00e1 sin dinero y no puede financiar los proyectos ni con ingresos que vengan del sector hidrocarburos y otros ni con deuda. La segunda raz\u00f3n tiene que ver con problemas administrativos y a veces conflictos pol\u00edticos\u201d.<\/p>\n<p style=\"text-align: justify;\">Ch\u00e1vez se\u00f1al\u00f3 que el Gobierno ejecuta con mayor velocidad desde el Estado central, pero muchas veces municipios y gobernaciones ejecutan menos por las trabas y la burocracia para conseguir recursos de contraparte y que esto es especialmente evidente en municipios y gobernaciones que son de la oposici\u00f3n.<\/p>\n<p style=\"text-align: justify;\">\u201cEntonces el Gobierno es tremendamente gastador a nivel nacional y se vuelve neoliberal a nivel regional porque restringe el gasto, anuncia mucho, pero restringe sobre todo con burocracia y temas administrativos y algunas veces con criterios pol\u00edticos a ciertas regiones donde hay la oposici\u00f3n\u201d, explic\u00f3.<\/p>\n<p style=\"text-align: justify;\">Por su parte, el presidente del Colegio de Economistas de Tarija, Fernando Romero, se\u00f1al\u00f3 que m\u00e1s all\u00e1 del bajo nivel de ejecuci\u00f3n de la inversi\u00f3n p\u00fablica, lo importante es que \u00e9sta se enfoque en proyectos con impacto y generaci\u00f3n de riqueza para las comunidades.<\/p>\n<p style=\"text-align: justify;\">\u201cLo importante no es gastar, sino invertir, y ahora dentro de inversi\u00f3n tampoco es invertir en obras de cemento que no traen ning\u00fan beneficio; por ejemplo, las canchas, que no aportan en lo productivo, pero por ejemplo si se aporta un sistema de riego, una represa o algo que va a mejorar las condiciones econ\u00f3micas de los beneficiarios, hay que apuntar ah\u00ed\u201d, explic\u00f3 el experto.<\/p>\n<p style=\"text-align: justify;\">Nivel de ejecuci\u00f3n<\/p>\n<p style=\"text-align: justify;\">Ejecuci\u00f3n Desde 2014 el porcentaje de ejecuci\u00f3n fue en descenso hasta llegar a aproximadamente un 65% en 2021.<\/p>\n<p style=\"text-align: justify;\">Niveles En 2014, la ejecuci\u00f3n de la inversi\u00f3n p\u00fablica lleg\u00f3 al 99,7%. Luego, ese porcentaje fue cayendo de forma dram\u00e1tica. En 2015 se ejecut\u00f3 menos del 80%; entre 2018 y 2019 ya baj\u00f3 a cerca del 70%.<\/p>\n<p style=\"text-align: justify;\">PGE Para 2023, el Gobierno prev\u00e9 una inversi\u00f3n p\u00fablica de $us 4.006 millones, un 20% menos de lo programado para 2022, cuando se estim\u00f3 en $us 5.015 millones.<\/p>\n","protected":false},"excerpt":{"rendered":"<p>La ejecuci\u00f3n de la inversi\u00f3n p\u00fablica en 2022 lleg\u00f3 al 52,5%, una de las m\u00e1s bajas de los \u00faltimos a\u00f1os. Expertos se\u00f1alan que esto se debi\u00f3 a problemas para hallar financiamiento y a la burocracia estatal. Para 2022 se ten\u00eda programada una inversi\u00f3n p\u00fablica de 5.015 millones de d\u00f3lares, de los cuales s\u00f3lo se ejecutaron [&hellip;]<\/p>\n","protected":false},"author":4,"featured_media":43126,"comment_status":"open","ping_status":"open","sticky":false,"template":"","format":"standard","meta":{"footnotes":""},"categories":[25,45,48],"tags":[],"class_list":{"0":"post-43125","1":"post","2":"type-post","3":"status-publish","4":"format-standard","5":"has-post-thumbnail","7":"category-economia","8":"category-portada-economia","9":"category-portada-general-sitio"},"_links":{"self":[{"href":"https:\/\/jms.com.bo\/mediamonitor\/wp-json\/wp\/v2\/posts\/43125","targetHints":{"allow":["GET"]}}],"collection":[{"href":"https:\/\/jms.com.bo\/mediamonitor\/wp-json\/wp\/v2\/posts"}],"about":[{"href":"https:\/\/jms.com.bo\/mediamonitor\/wp-json\/wp\/v2\/types\/post"}],"author":[{"embeddable":true,"href":"https:\/\/jms.com.bo\/mediamonitor\/wp-json\/wp\/v2\/users\/4"}],"replies":[{"embeddable":true,"href":"https:\/\/jms.com.bo\/mediamonitor\/wp-json\/wp\/v2\/comments?post=43125"}],"version-history":[{"count":0,"href":"https:\/\/jms.com.bo\/mediamonitor\/wp-json\/wp\/v2\/posts\/43125\/revisions"}],"wp:featuredmedia":[{"embeddable":true,"href":"https:\/\/jms.com.bo\/mediamonitor\/wp-json\/wp\/v2\/media\/43126"}],"wp:attachment":[{"href":"https:\/\/jms.com.bo\/mediamonitor\/wp-json\/wp\/v2\/media?parent=43125"}],"wp:term":[{"taxonomy":"category","embeddable":true,"href":"https:\/\/jms.com.bo\/mediamonitor\/wp-json\/wp\/v2\/categories?post=43125"},{"taxonomy":"post_tag","embeddable":true,"href":"https:\/\/jms.com.bo\/mediamonitor\/wp-json\/wp\/v2\/tags?post=43125"}],"curies":[{"name":"wp","href":"https:\/\/api.w.org\/{rel}","templated":true}]}}