{"id":43409,"date":"2023-02-06T07:08:45","date_gmt":"2023-02-06T11:08:45","guid":{"rendered":"https:\/\/jms.com.bo\/mediamonitor\/2023\/02\/06\/al-menos-2-500-familias-son-afectadas-por-las-lluvias-en-santa-cruz-y-la-paz\/"},"modified":"2023-02-06T07:08:45","modified_gmt":"2023-02-06T11:08:45","slug":"al-menos-2-500-familias-son-afectadas-por-las-lluvias-en-santa-cruz-y-la-paz","status":"publish","type":"post","link":"https:\/\/jms.com.bo\/mediamonitor\/2023\/02\/06\/al-menos-2-500-familias-son-afectadas-por-las-lluvias-en-santa-cruz-y-la-paz\/","title":{"rendered":"Al menos 2.500 familias son afectadas por las lluvias en Santa Cruz y La Paz"},"content":{"rendered":"<p style=\"text-align: justify;\">Las lluvias persistentes que cayeron en los \u00faltimos d\u00edas en el norte de La Paz y en el norte de Santa Cruz dejaron al menos 2.500 familias afectadas, seg\u00fan datos del viceministro de Defensa Civil, Juan Carlos Calvimontes.<\/p>\n<p style=\"text-align: justify;\">\u201cSon datos preliminares, pero en el lado de Santa Cruz estamos hablando de m\u00e1s de 1.000 familias las afectadas. (En La Paz) en la zona de Guanay, Mapiri y Tipuani tambi\u00e9n estar\u00eda por encima de las 1.500 personas\u201d, dijo.<\/p>\n<p style=\"text-align: justify;\">En el caso de Santa Cruz, la autoridad explic\u00f3 que el trabajo comenz\u00f3 hace dos semanas, pero en los \u00faltimos d\u00edas la precipitaci\u00f3n fluvial fue m\u00e1s intensa y existen problemas fundamentalmente en 12 municipios, de los cuales seis se han declarado en emergencia.<\/p>\n<p style=\"text-align: justify;\">La autoridad tambi\u00e9n se\u00f1al\u00f3 que se tienen problemas en el norte de La Paz, en los municipios de Guanay, Mapiri y Tipuani, donde un equipo de Defensa Civil est\u00e1 en la zona para evaluar los da\u00f1os y para enviar ayuda v\u00eda a\u00e9rea por las condiciones climatol\u00f3gicas y la falta de acceso terrestre en esa zona.<\/p>\n<p style=\"text-align: justify;\">\u201cCon nuestro equipo t\u00e9cnico se ha trazado una ruta terrestre y con la Armada Boliviana, que tiene base en Guanay, tambi\u00e9n est\u00e1 coadyuvando por la v\u00eda fluvial el transporte de los alimentos para que estos puedan llegar a las comunidades que han quedado aisladas, en algunos casos, y no hay posibilidades de llegar v\u00eda terrestre\u201d, dijo.<\/p>\n<p style=\"text-align: justify;\">Agreg\u00f3, adem\u00e1s, que se est\u00e1 evaluando los da\u00f1os ocasionados por las lluvias y se ha enviado carpas y colchones para armar campamentos, porque la informaci\u00f3n que se tiene es que en el norte de La Paz \u201chay muchas viviendas que han colapsado\u201d.<\/p>\n<p style=\"text-align: justify;\">La autoridad hizo un llamado, sobre todo a la Gobernaci\u00f3n de Santa Cruz, para que apoye a los seis municipios declarados en emergencia.<\/p>\n<p style=\"text-align: justify;\">\u201cNos preocupa esa pasividad de la Gobernaci\u00f3n (de Santa Cruz) porque, en este momento m\u00e1s cr\u00edtico, (en el) que deber\u00edamos unir esfuerzos entre todos para que la ayuda pueda ser mucho m\u00e1s eficiente, no se ve\u201d, dijo.<\/p>\n<p style=\"text-align: justify;\">Agreg\u00f3 que la lluvia que est\u00e1 cayendo en Santa Cruz es unas de las m\u00e1s intensas, por lo que se tiene que trabajar con la gobernaci\u00f3n para evitar que las siguientes precipitaciones pluviales causen m\u00e1s problemas en esa regi\u00f3n.<\/p>\n<p style=\"text-align: justify;\">\u201cPor eso es que convocamos a la gobernaci\u00f3n, que pueda ponerse en contacto con los municipios que en este momento est\u00e1n sufriendo con estas inclemencias y poder coordinar el trabajo respectivo\u201d, manifest\u00f3.<\/p>\n","protected":false},"excerpt":{"rendered":"<p>Las lluvias persistentes que cayeron en los \u00faltimos d\u00edas en el norte de La Paz y en el norte de Santa Cruz dejaron al menos 2.500 familias afectadas, seg\u00fan datos del viceministro de Defensa Civil, Juan Carlos Calvimontes. \u201cSon datos preliminares, pero en el lado de Santa Cruz estamos hablando de m\u00e1s de 1.000 familias [&hellip;]<\/p>\n","protected":false},"author":4,"featured_media":43410,"comment_status":"open","ping_status":"open","sticky":false,"template":"","format":"standard","meta":{"footnotes":""},"categories":[20,47,48],"tags":[],"class_list":{"0":"post-43409","1":"post","2":"type-post","3":"status-publish","4":"format-standard","5":"has-post-thumbnail","7":"category-actualidad","8":"category-portada-actualidad","9":"category-portada-general-sitio"},"_links":{"self":[{"href":"https:\/\/jms.com.bo\/mediamonitor\/wp-json\/wp\/v2\/posts\/43409","targetHints":{"allow":["GET"]}}],"collection":[{"href":"https:\/\/jms.com.bo\/mediamonitor\/wp-json\/wp\/v2\/posts"}],"about":[{"href":"https:\/\/jms.com.bo\/mediamonitor\/wp-json\/wp\/v2\/types\/post"}],"author":[{"embeddable":true,"href":"https:\/\/jms.com.bo\/mediamonitor\/wp-json\/wp\/v2\/users\/4"}],"replies":[{"embeddable":true,"href":"https:\/\/jms.com.bo\/mediamonitor\/wp-json\/wp\/v2\/comments?post=43409"}],"version-history":[{"count":0,"href":"https:\/\/jms.com.bo\/mediamonitor\/wp-json\/wp\/v2\/posts\/43409\/revisions"}],"wp:featuredmedia":[{"embeddable":true,"href":"https:\/\/jms.com.bo\/mediamonitor\/wp-json\/wp\/v2\/media\/43410"}],"wp:attachment":[{"href":"https:\/\/jms.com.bo\/mediamonitor\/wp-json\/wp\/v2\/media?parent=43409"}],"wp:term":[{"taxonomy":"category","embeddable":true,"href":"https:\/\/jms.com.bo\/mediamonitor\/wp-json\/wp\/v2\/categories?post=43409"},{"taxonomy":"post_tag","embeddable":true,"href":"https:\/\/jms.com.bo\/mediamonitor\/wp-json\/wp\/v2\/tags?post=43409"}],"curies":[{"name":"wp","href":"https:\/\/api.w.org\/{rel}","templated":true}]}}