{"id":43411,"date":"2023-02-06T07:10:05","date_gmt":"2023-02-06T11:10:05","guid":{"rendered":"https:\/\/jms.com.bo\/mediamonitor\/2023\/02\/06\/cancilleres-de-espana-y-bolivia-fortalecen-la-agenda-bilateral-y-de-cooperacion\/"},"modified":"2023-02-06T07:10:05","modified_gmt":"2023-02-06T11:10:05","slug":"cancilleres-de-espana-y-bolivia-fortalecen-la-agenda-bilateral-y-de-cooperacion","status":"publish","type":"post","link":"https:\/\/jms.com.bo\/mediamonitor\/2023\/02\/06\/cancilleres-de-espana-y-bolivia-fortalecen-la-agenda-bilateral-y-de-cooperacion\/","title":{"rendered":"Cancilleres de Espa\u00f1a y Bolivia fortalecen la agenda bilateral y de cooperaci\u00f3n"},"content":{"rendered":"<p style=\"text-align: justify;\">Los cancilleres de los gobiernos de Espa\u00f1a y Bolivia revisaron este viernes la agenda bilateral y de cooperaci\u00f3n. Adem\u00e1s, trataron tem\u00e1ticas de fortalecimiento.<\/p>\n<p style=\"text-align: justify;\">El canciller Rogelio Mayta, que cumple en Europa una visita oficial por varios pa\u00edses, dio la inform\u00f3 en sus cuentas oficiales. En ese marco, se reuni\u00f3 con su hom\u00f3logo Jos\u00e9 Manuel Albares.<\/p>\n<p style=\"text-align: justify;\">\u201cAprovechamos para suscribir un acuerdo que favorece a las academias diplom\u00e1ticas de Espa\u00f1a y Bolivia\u00bb. \u00abEso nos permitir\u00e1 realizar intercambios de experiencias y conocimientos\u201d, inform\u00f3 Mayta.<\/p>\n<p style=\"text-align: justify;\">El 2 de octubre del 2022, en el marco de la participaci\u00f3n de Bolivia en la 77\u00b0 periodo de sesiones de la Asamblea General de la Organizaci\u00f3n de Naciones Unidas en Nueva York, el presidente Luis Arce se reuni\u00f3 con su par de Espa\u00f1a, Pedro S\u00e1nchez, con el fin de afianzar la relaci\u00f3n entre ambas naciones.<\/p>\n<p style=\"text-align: justify;\">Mayta dijo entonces que el encuentro fue importante para reforzar los v\u00ednculos entre los dos pa\u00edses.<\/p>\n<p style=\"text-align: justify;\">En tanto, Arce indicaba en sus redes sociales que \u00abcon el presidente de Espa\u00f1a abordamos temas que nos permitir\u00e1n reforzar nuestros lazos de amistad, de comercio, en lo acad\u00e9mico y de cooperaci\u00f3n para el desarrollo\u00bb.<\/p>\n<p style=\"text-align: justify;\">La visita se enmarca en una gira por distintos pa\u00edses de la Uni\u00f3n Europea, que le llevar\u00e1 a Bruselas, la sede de la ONU en Ginebra y a la Ciudad del Vaticano, donde fue recibido por el Papa Francisco.<\/p>\n","protected":false},"excerpt":{"rendered":"<p>Los cancilleres de los gobiernos de Espa\u00f1a y Bolivia revisaron este viernes la agenda bilateral y de cooperaci\u00f3n. Adem\u00e1s, trataron tem\u00e1ticas de fortalecimiento. El canciller Rogelio Mayta, que cumple en Europa una visita oficial por varios pa\u00edses, dio la inform\u00f3 en sus cuentas oficiales. En ese marco, se reuni\u00f3 con su hom\u00f3logo Jos\u00e9 Manuel Albares. [&hellip;]<\/p>\n","protected":false},"author":4,"featured_media":43412,"comment_status":"open","ping_status":"open","sticky":false,"template":"","format":"standard","meta":{"footnotes":""},"categories":[18],"tags":[],"class_list":{"0":"post-43411","1":"post","2":"type-post","3":"status-publish","4":"format-standard","5":"has-post-thumbnail","7":"category-politica"},"_links":{"self":[{"href":"https:\/\/jms.com.bo\/mediamonitor\/wp-json\/wp\/v2\/posts\/43411","targetHints":{"allow":["GET"]}}],"collection":[{"href":"https:\/\/jms.com.bo\/mediamonitor\/wp-json\/wp\/v2\/posts"}],"about":[{"href":"https:\/\/jms.com.bo\/mediamonitor\/wp-json\/wp\/v2\/types\/post"}],"author":[{"embeddable":true,"href":"https:\/\/jms.com.bo\/mediamonitor\/wp-json\/wp\/v2\/users\/4"}],"replies":[{"embeddable":true,"href":"https:\/\/jms.com.bo\/mediamonitor\/wp-json\/wp\/v2\/comments?post=43411"}],"version-history":[{"count":0,"href":"https:\/\/jms.com.bo\/mediamonitor\/wp-json\/wp\/v2\/posts\/43411\/revisions"}],"wp:featuredmedia":[{"embeddable":true,"href":"https:\/\/jms.com.bo\/mediamonitor\/wp-json\/wp\/v2\/media\/43412"}],"wp:attachment":[{"href":"https:\/\/jms.com.bo\/mediamonitor\/wp-json\/wp\/v2\/media?parent=43411"}],"wp:term":[{"taxonomy":"category","embeddable":true,"href":"https:\/\/jms.com.bo\/mediamonitor\/wp-json\/wp\/v2\/categories?post=43411"},{"taxonomy":"post_tag","embeddable":true,"href":"https:\/\/jms.com.bo\/mediamonitor\/wp-json\/wp\/v2\/tags?post=43411"}],"curies":[{"name":"wp","href":"https:\/\/api.w.org\/{rel}","templated":true}]}}