{"id":43413,"date":"2023-02-06T07:11:33","date_gmt":"2023-02-06T11:11:33","guid":{"rendered":"https:\/\/jms.com.bo\/mediamonitor\/2023\/02\/06\/acusan-a-evo-de-impulsar-conspiracion-contra-los-gobiernos-de-bolivia-y-peru\/"},"modified":"2023-02-06T07:11:33","modified_gmt":"2023-02-06T11:11:33","slug":"acusan-a-evo-de-impulsar-conspiracion-contra-los-gobiernos-de-bolivia-y-peru","status":"publish","type":"post","link":"https:\/\/jms.com.bo\/mediamonitor\/2023\/02\/06\/acusan-a-evo-de-impulsar-conspiracion-contra-los-gobiernos-de-bolivia-y-peru\/","title":{"rendered":"Acusan a Evo de impulsar conspiraci\u00f3n contra los gobiernos de Bolivia y Per\u00fa"},"content":{"rendered":"<p style=\"text-align: justify;\">Evo Morales, expresidente de Bolivia y l\u00edder del MAS, es acusado por miembros de su propio partido como \u201cconspirador\u201d contra el Gobierno de Luis Arce por un supuesto audio en el que cuestiona \u201chasta cu\u00e1ndo vamos a aguantar a Lucho\u201d. Tambi\u00e9n sospechan que planea un supuesto magnicidio contra su exministro de Econom\u00eda y hoy jefe de Estado. Pero las acusaciones no solo provienen de Bolivia, sino tambi\u00e9n desde Per\u00fa donde consideran que el cocalero busca la divisi\u00f3n de esa naci\u00f3n e impulsa manifestaciones en contra de la presidenta Dina Boluarte.<\/p>\n<p style=\"text-align: justify;\">El ex viceministro Freddy Bobaryn, quien fue destituido por criticar a Morales, dijo que observan que el ala conservadora o radical del MAS no solo estar\u00eda buscando \u201catentar\u201d contra el Gobierno de Arce, sino que estar\u00edan planeando un magnicidio.<\/p>\n<p style=\"text-align: justify;\">\u201cNos preocupa much\u00edsimo que hoy se develen cu\u00e1les son las intenciones de esta ala conservadora del instrumento pol\u00edtico. Notamos que hay una ambici\u00f3n extrema del se\u00f1or Morales de hacerse con el poder y creemos que estos mecanismos a los cuales est\u00e1 queriendo recurrir son para nada democr\u00e1ticos.<\/p>\n<p style=\"text-align: justify;\">Pensamos que existe una conspiraci\u00f3n que est\u00e1 en curso que tiene una metodolog\u00eda clara que implica poder pactar con la extrema derecha y un movimiento pol\u00edtico que ha demostrado ser para nada democr\u00e1tico y que en este momento estar\u00eda buscando derrocar al presidente Luis Arce\u201d, manifest\u00f3 Bobaryn.<\/p>\n<p style=\"text-align: justify;\">La exautoridad record\u00f3 su pol\u00e9mica columna de opini\u00f3n donde refiere que Morales padecer\u00eda del s\u00edndrome de Hubris, \u201ccaracterizado por la soberbia, la prepotencia, la arrogancia que es desencadenado por la exposici\u00f3n prolongada al poder\u201d -seg\u00fan sus palabras- por lo que considera a Morales \u201ccapaz de todo\u201d hasta de planificar un atentado contra su exministro.<\/p>\n<p style=\"text-align: justify;\">H\u00e9ctor Arce, diputado del ala evista, neg\u00f3 la existencia de un intento de magnicidio. Dijo que, por el contrario, es Morales quien corre riesgo porque buscan eliminar su vida supuestamente desde las Fuerzas Armadas. \u201cEs una aberraci\u00f3n pol\u00edtica de Bobaryn de presumir intentar cometer este tipo de delitos\u201d, asegur\u00f3.<\/p>\n<p style=\"text-align: justify;\">El pasado martes se filtr\u00f3 un audio en el que supuestamente Morales se refiere al pedido de personas de \u2018las bases\u2019 en el tr\u00f3pico de Cochabamba para revocar el mandato del presidente del Estado. \u201cEn el campo es generalizado, \u00bfhasta cu\u00e1ndo vamos a aguantar al Lucho? \u00bfQu\u00e9 est\u00e1 haciendo? \u00bfCu\u00e1ndo vamos a sacar al Lucho?\u201d, dice parte del audio que dura 30 segundos.<\/p>\n<p style=\"text-align: justify;\">Aunque el jefe del partido azul dijo que es un audio cortado y tergiversado, las dudas se sembraron en el ala pol\u00edtica renovadora. El diputado del MAS Rolando Cu\u00e9llar manifest\u00f3 que Morales est\u00e1 incurriendo en delitos penales, como conspiraci\u00f3n y atentar contra el presidente. Agreg\u00f3 que no les temblar\u00e1 la mano para procesar a la exautoridad.<\/p>\n<p style=\"text-align: justify;\">Estas \u00faltimas acusaciones entre masistas provienen desde mediados del a\u00f1o pasado. Primero se habl\u00f3 de un supuesto plan negro contra Morales, protecci\u00f3n al narcotr\u00e1fico desde el Ejecutivo, reclamos p\u00fablicos, golpizas y otros.<\/p>\n<p style=\"text-align: justify;\">Asimismo, Bobaryn insinu\u00f3 que el ala radical pact\u00f3 con el fascismo porque la idea de revocatorio naci\u00f3 con el audio de Evo en diciembre de 2022 y en enero de este a\u00f1o el movimiento c\u00edvico nacional solicit\u00f3 revocar el mandato del presidente Arce.<\/p>\n<p style=\"text-align: justify;\">Sin embargo, desde la mirada del polit\u00f3logo Hugo Valverde, Morales como \u201cdesplazado pol\u00edticamente\u201d siempre va a querer recuperar el poder. Considera que el Gobierno da motivos, tanto a su propio partido como a los opositores, para impulsar un revocatorio.<\/p>\n<p style=\"text-align: justify;\">\u201cPuede terminar Evo Morales siendo uno de los principales promotores de la revocatoria de mandato que surgi\u00f3 en el cabildo. Aunque muchos piensan que es una idea descabellada, pero puede cuajar vinculando intereses de un sector y con intereses electorales que tiene Morales\u201d, sostuvo.<\/p>\n<p style=\"text-align: justify;\">Caso peruano<\/p>\n<p style=\"text-align: justify;\">El l\u00edder del masismo no solo est\u00e1 en la mira de pol\u00edticos bolivianos, sino tambi\u00e9n de Per\u00fa que lo investiga por separatismo y atentado a la integridad de ese pa\u00eds. El proyecto plurinacional que impulsa Morales con Runasur y su apoyo a las movilizaciones contra Dina Boluarte son considerados como actos de injerencia y, a decir del diputado Alejando Reyes, Evo es el \u2018conspirador\u2019 de Am\u00e9rica.<\/p>\n<p style=\"text-align: justify;\">La ministra de Relaciones Exteriores de Per\u00fa, Ana Gervasi, asegur\u00f3 que Runasur \u201cno es una organizaci\u00f3n internacional conformada por estados\u201d, sino lo calific\u00f3 como un foro que convoca a colectivos de la sociedad civil que no involucran al Estado peruano ni al resto de naciones de la regi\u00f3n. \u201cLa Canciller\u00eda no tolera iniciativa alguna que pueda poner en peligro nuestra soberan\u00eda e independencia, la integridad de nuestro territorio, la seguridad nacional, la dignidad del pa\u00eds y el sistema democr\u00e1tico\u201d, dijo Gervasi en el Congreso peruano.<\/p>\n<p style=\"text-align: justify;\">En diciembre de 2021, los excancilleres de Per\u00fa dec\u00edan que \u201cuna clara amenaza se aproxima desde el exterior sobre la soberan\u00eda\u201d. Morales fue declarada persona no grata y ahora enfrenta un proceso en el estado peruano.<\/p>\n","protected":false},"excerpt":{"rendered":"<p>Evo Morales, expresidente de Bolivia y l\u00edder del MAS, es acusado por miembros de su propio partido como \u201cconspirador\u201d contra el Gobierno de Luis Arce por un supuesto audio en el que cuestiona \u201chasta cu\u00e1ndo vamos a aguantar a Lucho\u201d. Tambi\u00e9n sospechan que planea un supuesto magnicidio contra su exministro de Econom\u00eda y hoy jefe [&hellip;]<\/p>\n","protected":false},"author":4,"featured_media":43414,"comment_status":"open","ping_status":"open","sticky":false,"template":"","format":"standard","meta":{"footnotes":""},"categories":[18],"tags":[],"class_list":{"0":"post-43413","1":"post","2":"type-post","3":"status-publish","4":"format-standard","5":"has-post-thumbnail","7":"category-politica"},"_links":{"self":[{"href":"https:\/\/jms.com.bo\/mediamonitor\/wp-json\/wp\/v2\/posts\/43413","targetHints":{"allow":["GET"]}}],"collection":[{"href":"https:\/\/jms.com.bo\/mediamonitor\/wp-json\/wp\/v2\/posts"}],"about":[{"href":"https:\/\/jms.com.bo\/mediamonitor\/wp-json\/wp\/v2\/types\/post"}],"author":[{"embeddable":true,"href":"https:\/\/jms.com.bo\/mediamonitor\/wp-json\/wp\/v2\/users\/4"}],"replies":[{"embeddable":true,"href":"https:\/\/jms.com.bo\/mediamonitor\/wp-json\/wp\/v2\/comments?post=43413"}],"version-history":[{"count":0,"href":"https:\/\/jms.com.bo\/mediamonitor\/wp-json\/wp\/v2\/posts\/43413\/revisions"}],"wp:featuredmedia":[{"embeddable":true,"href":"https:\/\/jms.com.bo\/mediamonitor\/wp-json\/wp\/v2\/media\/43414"}],"wp:attachment":[{"href":"https:\/\/jms.com.bo\/mediamonitor\/wp-json\/wp\/v2\/media?parent=43413"}],"wp:term":[{"taxonomy":"category","embeddable":true,"href":"https:\/\/jms.com.bo\/mediamonitor\/wp-json\/wp\/v2\/categories?post=43413"},{"taxonomy":"post_tag","embeddable":true,"href":"https:\/\/jms.com.bo\/mediamonitor\/wp-json\/wp\/v2\/tags?post=43413"}],"curies":[{"name":"wp","href":"https:\/\/api.w.org\/{rel}","templated":true}]}}