{"id":43481,"date":"2023-02-07T06:15:17","date_gmt":"2023-02-07T10:15:17","guid":{"rendered":"https:\/\/jms.com.bo\/mediamonitor\/2023\/02\/07\/salud-entrega-al-cenetrop-un-secuenciador-genomico-que-optimizara-diagnostico-del-dengue-en-santa-cruz\/"},"modified":"2023-02-07T06:15:17","modified_gmt":"2023-02-07T10:15:17","slug":"salud-entrega-al-cenetrop-un-secuenciador-genomico-que-optimizara-diagnostico-del-dengue-en-santa-cruz","status":"publish","type":"post","link":"https:\/\/jms.com.bo\/mediamonitor\/2023\/02\/07\/salud-entrega-al-cenetrop-un-secuenciador-genomico-que-optimizara-diagnostico-del-dengue-en-santa-cruz\/","title":{"rendered":"Salud entrega al Cenetrop un secuenciador gen\u00f3mico que optimizar\u00e1 diagn\u00f3stico del dengue en Santa Cruz"},"content":{"rendered":"<p style=\"text-align: justify;\">El Ministerio de Salud y Deportes entreg\u00f3 la tarde de este lunes al Centro Nacional de Enfermedades Tropicales (Cenetrop) un secuenciador de nueva generaci\u00f3n y un equipo de electroforesis, que tiene como fin optimizar el diagn\u00f3stico y mitigaci\u00f3n de la enfermedad del dengue.<\/p>\n<p style=\"text-align: justify;\">Jeyson Auza, ministro de Salud y Deportes, manifest\u00f3 que la entrega de ambos equipos ocurr\u00f3 por una gesti\u00f3n realizada desde 2022 con el Gobierno de Jap\u00f3n.<\/p>\n<p style=\"text-align: justify;\">Explic\u00f3 que el secuenciador gen\u00f3mico est\u00e1 dise\u00f1ado para secuenciar una gran cantidad de segmentos de ADN de forma masiva, en paralelo, en menor tiempo y a un menor costo.<\/p>\n<p style=\"text-align: justify;\">Afirm\u00f3 que el secuenciador ser\u00e1 gran utilidad para la vigilancia e identificaci\u00f3n del dengue, puesto que ahora ya no se necesitar\u00e1n \u201cesperar tres meses para tener resultados\u201d, porque con este equipamiento \u201cse realizar\u00e1 el diagn\u00f3stico de manera r\u00e1pida\u201d.<\/p>\n<p style=\"text-align: justify;\">Adem\u00e1s, indic\u00f3 que la nueva tecnolog\u00eda ser\u00e1 de gran utilidad para plantear estrategias en la prevenci\u00f3n, diagn\u00f3stico, tratamiento y el seguimiento de un amplio espectro de enfermedades, incluidas condiciones gen\u00e9ticas, patolog\u00edas cr\u00f3nicas y enfermedades infecciosas.<\/p>\n<p style=\"text-align: justify;\">Por su parte Jhonatan Marquina, director General Ejecutivo del Cenetrop, ponder\u00f3 que este equipo representa un \u00absalto cualitativo, tecnol\u00f3gico en el \u00e1mbito cient\u00edfico\u00bb, tanto para el departamento como para el pa\u00eds.<\/p>\n<p style=\"text-align: justify;\">\u201cNo solamente nos permitir\u00e1 identificar el genotipos de virus potencialmente peligrosos, sino de bacterias, par\u00e1sitos y de hongos. Es un equipo que nos permitir\u00e1 analizar y secuenciar el mapa gen\u00f3mico de diferentes pat\u00f3genos\u201d, dijo.<\/p>\n<p style=\"text-align: justify;\">El secuenciador que se implementar\u00e1 en Cenetrop<\/p>\n<p style=\"text-align: justify;\">Indic\u00f3 que el aparato tambi\u00e9n ayudar\u00e1 a conocer qu\u00e9 genotipos del virus del dengue est\u00e1n circulando en Bolivia; en ese sentido, mencion\u00f3 que est\u00e1n coordinando con sus pares en Brasil y otros pa\u00edses de la regi\u00f3n que presentan un incremento de casos de dengue.<\/p>\n<p style=\"text-align: justify;\">\u201cTambi\u00e9n vamos a secuenciar el Covid-19, que nos permitir\u00e1 identificar si las vacunas que se est\u00e1n administrando son adecuadas o no para la poblaci\u00f3n boliviana\u201d, agreg\u00f3.<\/p>\n<p style=\"text-align: justify;\">Marquina pidi\u00f3 al titular de Salud inaugurar una unidad de anatom\u00eda patol\u00f3gica para el diagn\u00f3stico del c\u00e1ncer, que estaba funcionando hace 12 a\u00f1os, y contar con los recursos y el personal para esa \u00e1rea.<\/p>\n<p style=\"text-align: justify;\">En tanto, destac\u00f3 que el ministerio de Salud apoy\u00f3 las modificaciones presupuestarias en Cenetrop, lo que increment\u00f3 los presupuestos econ\u00f3micos, como el 2022 que transfiri\u00f3 m\u00e1s de Bs 2 millones.<\/p>\n<p style=\"text-align: justify;\">\u00abNos entreg\u00f3 m\u00e1s de 14 \u00edtems en 2022 (&#8230;) Nunca antes en la historia se vio tantos \u00edtems para Cenetrop. Quisiera, se\u00f1or ministro, que este a\u00f1o no nos d\u00e9 14 \u00edtems sino 20\u00bb, agreg\u00f3.<\/p>\n","protected":false},"excerpt":{"rendered":"<p>El Ministerio de Salud y Deportes entreg\u00f3 la tarde de este lunes al Centro Nacional de Enfermedades Tropicales (Cenetrop) un secuenciador de nueva generaci\u00f3n y un equipo de electroforesis, que tiene como fin optimizar el diagn\u00f3stico y mitigaci\u00f3n de la enfermedad del dengue. Jeyson Auza, ministro de Salud y Deportes, manifest\u00f3 que la entrega de [&hellip;]<\/p>\n","protected":false},"author":4,"featured_media":43482,"comment_status":"open","ping_status":"open","sticky":false,"template":"","format":"standard","meta":{"footnotes":""},"categories":[53],"tags":[],"class_list":{"0":"post-43481","1":"post","2":"type-post","3":"status-publish","4":"format-standard","5":"has-post-thumbnail","7":"category-salud"},"_links":{"self":[{"href":"https:\/\/jms.com.bo\/mediamonitor\/wp-json\/wp\/v2\/posts\/43481","targetHints":{"allow":["GET"]}}],"collection":[{"href":"https:\/\/jms.com.bo\/mediamonitor\/wp-json\/wp\/v2\/posts"}],"about":[{"href":"https:\/\/jms.com.bo\/mediamonitor\/wp-json\/wp\/v2\/types\/post"}],"author":[{"embeddable":true,"href":"https:\/\/jms.com.bo\/mediamonitor\/wp-json\/wp\/v2\/users\/4"}],"replies":[{"embeddable":true,"href":"https:\/\/jms.com.bo\/mediamonitor\/wp-json\/wp\/v2\/comments?post=43481"}],"version-history":[{"count":0,"href":"https:\/\/jms.com.bo\/mediamonitor\/wp-json\/wp\/v2\/posts\/43481\/revisions"}],"wp:featuredmedia":[{"embeddable":true,"href":"https:\/\/jms.com.bo\/mediamonitor\/wp-json\/wp\/v2\/media\/43482"}],"wp:attachment":[{"href":"https:\/\/jms.com.bo\/mediamonitor\/wp-json\/wp\/v2\/media?parent=43481"}],"wp:term":[{"taxonomy":"category","embeddable":true,"href":"https:\/\/jms.com.bo\/mediamonitor\/wp-json\/wp\/v2\/categories?post=43481"},{"taxonomy":"post_tag","embeddable":true,"href":"https:\/\/jms.com.bo\/mediamonitor\/wp-json\/wp\/v2\/tags?post=43481"}],"curies":[{"name":"wp","href":"https:\/\/api.w.org\/{rel}","templated":true}]}}