{"id":437,"date":"2021-01-01T11:11:10","date_gmt":"2021-01-01T11:11:10","guid":{"rendered":"http:\/\/jms.com.bo\/mediamonitor\/?p=437"},"modified":"2021-01-01T11:11:10","modified_gmt":"2021-01-01T11:11:10","slug":"ministerio-de-trabajo-restablece-plazo-de-presentacion-de-las-planillas-mensuales-de-sueldos-salarios-y-accidentes","status":"publish","type":"post","link":"https:\/\/jms.com.bo\/mediamonitor\/2021\/01\/01\/ministerio-de-trabajo-restablece-plazo-de-presentacion-de-las-planillas-mensuales-de-sueldos-salarios-y-accidentes\/","title":{"rendered":"Ministerio de Trabajo restablece plazo de presentaci\u00f3n de las planillas mensuales de sueldos, salarios y accidentes"},"content":{"rendered":"<div class=\"body\">\n<div class=\"field field-name-body field-type-text-with-summary field-label-hidden view-mode-full\">\n<div class=\"field-items\">\n<div class=\"field-item even\">\n<p style=\"text-align: justify;\">El Ministerio de Trabajo inform\u00f3 este jueves que restableci\u00f3 el plazo de presentaci\u00f3n de las planillas mensuales de sueldos, salarios y accidentes de trabajo hasta el 15 del mes siguiente al reportado.<\/p>\n<p style=\"text-align: justify;\">\u00abEl plazo se\u00f1alado ser\u00e1 aplicado a partir de la declaraci\u00f3n jurada de las planillas de sueldos, salarios y accidentes de trabajo correspondientes al mes de diciembre de 2020, que deben ser reportadas hasta el 15 de enero de 2021 impostergablemente\u00bb, se\u00f1ala un comunicado de esa cartera de Estado.<\/p>\n<p style=\"text-align: justify;\">De acuerdo con el documento dirigido a las entidades del sector p\u00fablico, empresas o establecimientos laborales del sector privado, el incumplimiento en la presentaci\u00f3n de las planillas de sueldos, salarios y accidentes de trabajo, quedan sujetas a las previsiones del art\u00edculo 7 de la Resoluci\u00f3n Ministerial N\u00ba 212\/18.<\/p>\n<p style=\"text-align: justify;\">Las entidades p\u00fablicas y privadas podr\u00e1n presentar las planillas a trav\u00e9s de la Oficina Virtual de Tr\u00e1mites (OVT), dependiente del Ministerio de Trabajo.<\/p>\n<\/div>\n<\/div>\n<\/div>\n<\/div>\n<div class=\"social-bar\">\n<div class=\"social-buttons\" style=\"text-align: justify;\"><\/div>\n<\/div>\n","protected":false},"excerpt":{"rendered":"<p>El Ministerio de Trabajo inform\u00f3 este jueves que restableci\u00f3 el plazo de presentaci\u00f3n de las planillas mensuales de sueldos, salarios y accidentes de trabajo hasta el 15 del mes siguiente al reportado. \u00abEl plazo se\u00f1alado ser\u00e1 aplicado a partir de la declaraci\u00f3n jurada de las planillas de sueldos, salarios y accidentes de trabajo correspondientes al [&hellip;]<\/p>\n","protected":false},"author":1,"featured_media":439,"comment_status":"open","ping_status":"open","sticky":false,"template":"","format":"standard","meta":{"footnotes":""},"categories":[25],"tags":[],"class_list":{"0":"post-437","1":"post","2":"type-post","3":"status-publish","4":"format-standard","5":"has-post-thumbnail","7":"category-economia"},"_links":{"self":[{"href":"https:\/\/jms.com.bo\/mediamonitor\/wp-json\/wp\/v2\/posts\/437","targetHints":{"allow":["GET"]}}],"collection":[{"href":"https:\/\/jms.com.bo\/mediamonitor\/wp-json\/wp\/v2\/posts"}],"about":[{"href":"https:\/\/jms.com.bo\/mediamonitor\/wp-json\/wp\/v2\/types\/post"}],"author":[{"embeddable":true,"href":"https:\/\/jms.com.bo\/mediamonitor\/wp-json\/wp\/v2\/users\/1"}],"replies":[{"embeddable":true,"href":"https:\/\/jms.com.bo\/mediamonitor\/wp-json\/wp\/v2\/comments?post=437"}],"version-history":[{"count":1,"href":"https:\/\/jms.com.bo\/mediamonitor\/wp-json\/wp\/v2\/posts\/437\/revisions"}],"predecessor-version":[{"id":440,"href":"https:\/\/jms.com.bo\/mediamonitor\/wp-json\/wp\/v2\/posts\/437\/revisions\/440"}],"wp:featuredmedia":[{"embeddable":true,"href":"https:\/\/jms.com.bo\/mediamonitor\/wp-json\/wp\/v2\/media\/439"}],"wp:attachment":[{"href":"https:\/\/jms.com.bo\/mediamonitor\/wp-json\/wp\/v2\/media?parent=437"}],"wp:term":[{"taxonomy":"category","embeddable":true,"href":"https:\/\/jms.com.bo\/mediamonitor\/wp-json\/wp\/v2\/categories?post=437"},{"taxonomy":"post_tag","embeddable":true,"href":"https:\/\/jms.com.bo\/mediamonitor\/wp-json\/wp\/v2\/tags?post=437"}],"curies":[{"name":"wp","href":"https:\/\/api.w.org\/{rel}","templated":true}]}}