{"id":43796,"date":"2023-02-10T06:36:49","date_gmt":"2023-02-10T10:36:49","guid":{"rendered":"https:\/\/jms.com.bo\/mediamonitor\/2023\/02\/10\/carnaval-quienes-se-excedan-en-el-consumo-de-agua-pasaran-a-la-categoria-de-consumo-comercial\/"},"modified":"2023-02-10T06:36:49","modified_gmt":"2023-02-10T10:36:49","slug":"carnaval-quienes-se-excedan-en-el-consumo-de-agua-pasaran-a-la-categoria-de-consumo-comercial","status":"publish","type":"post","link":"https:\/\/jms.com.bo\/mediamonitor\/2023\/02\/10\/carnaval-quienes-se-excedan-en-el-consumo-de-agua-pasaran-a-la-categoria-de-consumo-comercial\/","title":{"rendered":"Carnaval: quienes se excedan en el consumo de agua pasar\u00e1n a la categor\u00eda de consumo comercial"},"content":{"rendered":"<p style=\"text-align: justify;\">La fiesta de Carnaval comienza este jueves en todo el pa\u00eds con la celebraci\u00f3n de Compadres, por eso la Empresa P\u00fablica Social de Agua y Saneamiento (EPSAS) empez\u00f3 en La Paz el control del consumo de agua. As\u00ed, quienes eleven el consumo durante estos d\u00edas, sin que sea por alguna fuga u otro motivo, pasar\u00e1n a ser parte de la categor\u00eda de consumo comercial y el costo por el servicio se incrementar\u00e1.<\/p>\n<p style=\"text-align: justify;\">El interventor de Epsas, Bladimir Iraizos, explic\u00f3 a P\u00e1gina Siete que, a trav\u00e9s del lanzamiento de la campa\u00f1a \u201cEn Carnavales no se juega con el agua\u201d, se busca concientizar a la poblaci\u00f3n para que \u201cno malgaste el agua\u201d, por eso ahora se realizar\u00e1 controles a los medidores.<\/p>\n<p style=\"text-align: justify;\">Explic\u00f3 que los controles se realizar\u00e1n al verificar el consumo. \u201cSi (la casa) de una vecina tiene un consumo promedio de 8 o 9 metros c\u00fabicos al mes, pero este mes subi\u00f3 a 12 o 15, significa que hubo un gasto elevado. Eso es alarmante, a esa vivienda se acudir\u00e1 con los t\u00e9cnicos para que se verifique si hay una fuga o ha emprendido un negocio. Si no es as\u00ed, entonces se identifica como una casa donde hubo derroche de agua\u201d, explic\u00f3.<\/p>\n<p style=\"text-align: justify;\">Asegur\u00f3 que para esos casos se realizar\u00e1 \u201cla migraci\u00f3n (del pago) de una categor\u00eda solidaria a una categor\u00eda comercial\u201d. Enfatiz\u00f3 en que ese trabajo no s\u00f3lo se har\u00e1 en el municipio de La Paz, sino en los ocho municipios a los cuales se abastece con agua potable.<\/p>\n<p style=\"text-align: justify;\">La m\u00e1xima autoridad de Epsas indic\u00f3 que es importante que la gente se concientice en el uso racional de agua, debido a que la capacidad de almacenamiento de las 10 represas llega al 50%, es decir que hay 31 millones de metros c\u00fabicos de los 62 del total de su capacidad.<\/p>\n<p style=\"text-align: justify;\">Asegur\u00f3 que aunque en diciembre del 2022 se lleg\u00f3 \u201ccomo nunca\u201d a 22 metros c\u00fabicos, ahora esa capacidad va subiendo debido a las lluvias que se van registrando y a las medidas que se implementaron como la conexi\u00f3n en red de todas las represas.<\/p>\n<p style=\"text-align: justify;\">No obstante, indic\u00f3 que en este mismo periodo del a\u00f1o pasado se contaba con \u201cel 60% de capacidad, por lo que actualmente se tiene un 10% menos\u201d. Por ello, a\u00f1adi\u00f3 que ahora tambi\u00e9n es importante reducir el tiempo en la ducha, reciclar el agua de la ducha y de la lavadora y reutilizar en el lavado de autos, patios y del ba\u00f1o.<\/p>\n<p style=\"text-align: justify;\">Asimismo, reiter\u00f3 a la poblaci\u00f3n y especialmente a los ni\u00f1os que concienticen a todos los miembros de su hogar para cuidar el agua.<\/p>\n<p style=\"text-align: justify;\">\u00bfPor qu\u00e9 se controla el consumo del agua?<\/p>\n<p style=\"text-align: justify;\">Esta regulaci\u00f3n se realiza debido a que desde 2019 en el pa\u00eds est\u00e1 vigente la Resoluci\u00f3n N\u00b0025 del Ministerio de Medio Ambiente y Aguas, en la que se proh\u00edbe el derroche de agua potable durante las fiestas de Carnaval que se realiza en todo el territorio nacional.<\/p>\n<p style=\"text-align: justify;\">El concejal \u00d3scar Sogliano record\u00f3 que en La Paz tambi\u00e9n est\u00e1 vigente la Ordenanza Municipal N \u00b0 51\/2017, en la que se proh\u00edbe el juego con agua en los espacios p\u00fablicos durante el Carnaval y la venta de globos con agua, por lo que solicit\u00f3 al Ejecutivo asumir acciones para hacer los controles pertinentes.<\/p>\n<p style=\"text-align: justify;\">El art\u00edculo 6 de la norma indica que \u201cdentro de la jurisdicci\u00f3n del municipio de La Paz, se proh\u00edbe durante la fiesta tradicional del Anata-Carnaval Pace\u00f1o: el juego con agua en espacios p\u00fablicos (parques, plazas, calles, avenidas y otros); la venta de agua para el juego y de globos con agua\u201d.<\/p>\n<p style=\"text-align: justify;\">Por eso, Sogliano indic\u00f3 que envi\u00f3 una nota al alcalde Iv\u00e1n Arias para solicitarle que haga un \u201cseguimiento exhaustivo al cumplimiento de las resoluciones (&#8230;) debido a los problemas que estamos atravesando\u201d.<\/p>\n<p style=\"text-align: justify;\">A su turno el intendente municipal de La Paz, Cristhian Oporto, explic\u00f3 que a\u00fan no se emiti\u00f3 una norma para hacer esos controles, pero una vez que el Plan de Carnaval entre en vigencia, se realizar\u00e1n los controles pertinentes. Entre tanto, asegur\u00f3 que la intendencia junto a las empresas legalmente establecidas realizar\u00e1 operativos para intensificar el control de la venta de productos como las espumas y los globos falsificados. \u201cEstamos indicando qu\u00e9 deben verificar para identificar los productos falsos\u201d.<\/p>\n<p style=\"text-align: justify;\">Luego se har\u00e1 la socializaci\u00f3n de los productos legalmente establecidos para difundirlas en las plataformas y a la sociedad que comercializan esos productos. Adem\u00e1s, se realizar\u00e1 operativos junto a la Agemed y el Senasag para decomisar los productos no autorizados. Los m\u00e1s de 100 funcionarios municipales tambi\u00e9n har\u00e1n controles de bebidas alcoh\u00f3licas falsificadas o de contrabando.<\/p>\n<p style=\"text-align: justify;\">\n","protected":false},"excerpt":{"rendered":"<p>La fiesta de Carnaval comienza este jueves en todo el pa\u00eds con la celebraci\u00f3n de Compadres, por eso la Empresa P\u00fablica Social de Agua y Saneamiento (EPSAS) empez\u00f3 en La Paz el control del consumo de agua. As\u00ed, quienes eleven el consumo durante estos d\u00edas, sin que sea por alguna fuga u otro motivo, pasar\u00e1n [&hellip;]<\/p>\n","protected":false},"author":4,"featured_media":43797,"comment_status":"open","ping_status":"open","sticky":false,"template":"","format":"standard","meta":{"footnotes":""},"categories":[20],"tags":[],"class_list":{"0":"post-43796","1":"post","2":"type-post","3":"status-publish","4":"format-standard","5":"has-post-thumbnail","7":"category-actualidad"},"_links":{"self":[{"href":"https:\/\/jms.com.bo\/mediamonitor\/wp-json\/wp\/v2\/posts\/43796","targetHints":{"allow":["GET"]}}],"collection":[{"href":"https:\/\/jms.com.bo\/mediamonitor\/wp-json\/wp\/v2\/posts"}],"about":[{"href":"https:\/\/jms.com.bo\/mediamonitor\/wp-json\/wp\/v2\/types\/post"}],"author":[{"embeddable":true,"href":"https:\/\/jms.com.bo\/mediamonitor\/wp-json\/wp\/v2\/users\/4"}],"replies":[{"embeddable":true,"href":"https:\/\/jms.com.bo\/mediamonitor\/wp-json\/wp\/v2\/comments?post=43796"}],"version-history":[{"count":0,"href":"https:\/\/jms.com.bo\/mediamonitor\/wp-json\/wp\/v2\/posts\/43796\/revisions"}],"wp:featuredmedia":[{"embeddable":true,"href":"https:\/\/jms.com.bo\/mediamonitor\/wp-json\/wp\/v2\/media\/43797"}],"wp:attachment":[{"href":"https:\/\/jms.com.bo\/mediamonitor\/wp-json\/wp\/v2\/media?parent=43796"}],"wp:term":[{"taxonomy":"category","embeddable":true,"href":"https:\/\/jms.com.bo\/mediamonitor\/wp-json\/wp\/v2\/categories?post=43796"},{"taxonomy":"post_tag","embeddable":true,"href":"https:\/\/jms.com.bo\/mediamonitor\/wp-json\/wp\/v2\/tags?post=43796"}],"curies":[{"name":"wp","href":"https:\/\/api.w.org\/{rel}","templated":true}]}}