{"id":43798,"date":"2023-02-10T06:38:17","date_gmt":"2023-02-10T10:38:17","guid":{"rendered":"https:\/\/jms.com.bo\/mediamonitor\/2023\/02\/10\/fundacion-tierra-atribuye-intensas-lluvias-en-corto-tiempo-al-fenomeno-de-la-nina-y-a-la-deforestacion\/"},"modified":"2023-02-10T06:38:17","modified_gmt":"2023-02-10T10:38:17","slug":"fundacion-tierra-atribuye-intensas-lluvias-en-corto-tiempo-al-fenomeno-de-la-nina-y-a-la-deforestacion","status":"publish","type":"post","link":"https:\/\/jms.com.bo\/mediamonitor\/2023\/02\/10\/fundacion-tierra-atribuye-intensas-lluvias-en-corto-tiempo-al-fenomeno-de-la-nina-y-a-la-deforestacion\/","title":{"rendered":"Fundaci\u00f3n Tierra atribuye intensas lluvias en corto tiempo al fen\u00f3meno de La Ni\u00f1a y a la deforestaci\u00f3n"},"content":{"rendered":"<p style=\"text-align: justify;\">Los efectos persistentes del fen\u00f3meno de La Ni\u00f1a y la deforestaci\u00f3n son dos de m\u00faltiples factores que intensifican la concentraci\u00f3n de las precipitaciones en pocos meses y semanas, algo que est\u00e1 sucediendo actualmente en varias regiones de Bolivia, explic\u00f3 Gonzalo Colque, investigador de la Fundaci\u00f3n Tierra.<\/p>\n<p style=\"text-align: justify;\">\u201cDesde hace tres a\u00f1os estamos viviendo un periodo extendido de sequ\u00eda en el pa\u00eds, principalmente por el fen\u00f3meno de La Ni\u00f1a. Por ello, Bolivia tiene m\u00e1s meses secos, lo que provoca que la \u00e9poca h\u00fameda o de lluvias se concentre en muy pocos meses (\u2026). El problema de deforestaci\u00f3n es otro tema que empeora el problema\u201d, explic\u00f3.<\/p>\n<p style=\"text-align: justify;\">Colque dijo que lo deseable es que la lluvia tenga una circulaci\u00f3n natural, donde juega un papel importante las zonas boscosas, sin embargo, cuando la deforestaci\u00f3n es alta, el recurso agua en lugar de recircular en la atm\u00f3sfera, se queda en la tierra como aguas subterr\u00e1neas y todo provoca a mediano plazo la aparici\u00f3n de fen\u00f3menos clim\u00e1ticos m\u00e1s severos.<\/p>\n<p style=\"text-align: justify;\">De acuerdo a un an\u00e1lisis realizado de la Fundaci\u00f3n Tierra, con base en los reportes hist\u00f3ricos del Instituto Nacional de Estad\u00edstica (INE) y el Servicio Nacional de Meteorolog\u00eda e Hidrolog\u00eda (Senamhi), durante 2022, Bolivia atraves\u00f3 un momento cr\u00edtico por las sequ\u00edas.<\/p>\n<p style=\"text-align: justify;\">\u201cA diciembre, los departamentos de Santa Cruz, Oruro y Chuquisaca registraron las cifras m\u00e1s bajas de precipitaci\u00f3n pluvial de los \u00faltimos doce a\u00f1os, mientras que La Paz, Cochabamba y Tarija se situaron cerca de sus peores a\u00f1os registrados el 2020 en el primer caso y el 2016, en los dos \u00faltimos\u201d, se\u00f1al\u00f3.<\/p>\n<p style=\"text-align: justify;\">Hasta hace algunos a\u00f1os, observ\u00f3 Colque, que la temporada de lluvias duraba entre cuatro a cinco meses, pero ahora, por los dos factores antes mencionados, se concentran en dos meses, incluso en semanas y hasta en d\u00edas.<\/p>\n<p style=\"text-align: justify;\">\u201cPor ese motivo estamos viendo, por ejemplo, inundaciones en Santa Cruz, en la zona de Cuatro Ca\u00f1adas o San Juli\u00e1n. Esto a largo plazo tiene una serie de consecuencias que principalmente se van a experimentar en el campo y tambi\u00e9n en las ciudades\u201d, dijo.<\/p>\n<p style=\"text-align: justify;\">En cuanto al sector agropecuario se\u00f1al\u00f3 que es deseable una distribuci\u00f3n regular de las lluvias para que comience a tiempo la \u00e9poca agr\u00edcola. \u201cDebemos tener en cuenta que m\u00e1s del 80% de las tierras agr\u00edcolas dependen del periodo de las lluvias\u201d, indic\u00f3.<\/p>\n<p style=\"text-align: justify;\">Seg\u00fan Colque, estos cambios atmosf\u00e9ricos generar\u00e1n consecuencias a corto y mediano plazo; el primero la desertificaci\u00f3n, que consecuentemente afectar\u00e1 la fertilidad y la productividad agr\u00edcola. \u201cDe hecho, ya tenemos problemas. Seg\u00fan reportes preliminares, la cosecha de alimentos ha disminuido, hemos cosechado el 2022 menos ma\u00edz, menos trigo y menos arroz. La soya se mantiene pero a costa de m\u00e1s tierras cultivadas para la agroexportaci\u00f3n. Esto afectar\u00e1 la seguridad alimentaria de los bolivianos\u201d, advirti\u00f3.<\/p>\n<p style=\"text-align: justify;\">Tomando en cuenta el delicado escenario, Colque se\u00f1al\u00f3 que es importante tomar medidas desde diversos sectores de la sociedad para contribuir, desde donde est\u00e9n, a tomar conciencia sobre lo que sucede en Bolivia y en el planeta.<\/p>\n","protected":false},"excerpt":{"rendered":"<p>Los efectos persistentes del fen\u00f3meno de La Ni\u00f1a y la deforestaci\u00f3n son dos de m\u00faltiples factores que intensifican la concentraci\u00f3n de las precipitaciones en pocos meses y semanas, algo que est\u00e1 sucediendo actualmente en varias regiones de Bolivia, explic\u00f3 Gonzalo Colque, investigador de la Fundaci\u00f3n Tierra. \u201cDesde hace tres a\u00f1os estamos viviendo un periodo extendido [&hellip;]<\/p>\n","protected":false},"author":4,"featured_media":43799,"comment_status":"open","ping_status":"open","sticky":false,"template":"","format":"standard","meta":{"footnotes":""},"categories":[20,47,48],"tags":[],"class_list":{"0":"post-43798","1":"post","2":"type-post","3":"status-publish","4":"format-standard","5":"has-post-thumbnail","7":"category-actualidad","8":"category-portada-actualidad","9":"category-portada-general-sitio"},"_links":{"self":[{"href":"https:\/\/jms.com.bo\/mediamonitor\/wp-json\/wp\/v2\/posts\/43798","targetHints":{"allow":["GET"]}}],"collection":[{"href":"https:\/\/jms.com.bo\/mediamonitor\/wp-json\/wp\/v2\/posts"}],"about":[{"href":"https:\/\/jms.com.bo\/mediamonitor\/wp-json\/wp\/v2\/types\/post"}],"author":[{"embeddable":true,"href":"https:\/\/jms.com.bo\/mediamonitor\/wp-json\/wp\/v2\/users\/4"}],"replies":[{"embeddable":true,"href":"https:\/\/jms.com.bo\/mediamonitor\/wp-json\/wp\/v2\/comments?post=43798"}],"version-history":[{"count":0,"href":"https:\/\/jms.com.bo\/mediamonitor\/wp-json\/wp\/v2\/posts\/43798\/revisions"}],"wp:featuredmedia":[{"embeddable":true,"href":"https:\/\/jms.com.bo\/mediamonitor\/wp-json\/wp\/v2\/media\/43799"}],"wp:attachment":[{"href":"https:\/\/jms.com.bo\/mediamonitor\/wp-json\/wp\/v2\/media?parent=43798"}],"wp:term":[{"taxonomy":"category","embeddable":true,"href":"https:\/\/jms.com.bo\/mediamonitor\/wp-json\/wp\/v2\/categories?post=43798"},{"taxonomy":"post_tag","embeddable":true,"href":"https:\/\/jms.com.bo\/mediamonitor\/wp-json\/wp\/v2\/tags?post=43798"}],"curies":[{"name":"wp","href":"https:\/\/api.w.org\/{rel}","templated":true}]}}