{"id":43804,"date":"2023-02-10T06:43:14","date_gmt":"2023-02-10T10:43:14","guid":{"rendered":"https:\/\/jms.com.bo\/mediamonitor\/2023\/02\/10\/evo-y-lucho-estan-ya-en-campana-para-2025-la-competencia-esta-declarada\/"},"modified":"2023-02-10T06:43:14","modified_gmt":"2023-02-10T10:43:14","slug":"evo-y-lucho-estan-ya-en-campana-para-2025-la-competencia-esta-declarada","status":"publish","type":"post","link":"https:\/\/jms.com.bo\/mediamonitor\/2023\/02\/10\/evo-y-lucho-estan-ya-en-campana-para-2025-la-competencia-esta-declarada\/","title":{"rendered":"Evo y Lucho est\u00e1n ya en campa\u00f1a para 2025; la competencia est\u00e1 declarada"},"content":{"rendered":"<p style=\"text-align: justify;\">Las elecciones primarias ser\u00e1n en 2024, falta un a\u00f1o. En 2020, tras renunciar a la presidencia a fines de 2019 y salir del pa\u00eds, desde su exilio en Buenos Aires, Argentina, Evo Morales nombr\u00f3 a Luis Arce Catacora como candidato a la presidencia por el MAS. Muchas cosas han cambiado. Ayer, ambos lanzaron sus campa\u00f1as para enfrentarse en la elecci\u00f3n interna del MAS que definir\u00e1 al candidato presidencial por el per\u00edodo 2025-2030.<\/p>\n<p style=\"text-align: justify;\">Cuando gan\u00f3 las elecciones, la BBC rese\u00f1\u00f3 que \u201cLuis Arce fue visto como \u2018el heredero\u2019 de Evo Morales tras el anuncio de su candidatura, tuvo al expresidente como su jefe de campa\u00f1a y ahora resulta ganador en primera vuelta de las elecciones de Bolivia, con una amplia ventaja\u201d.<\/p>\n<p style=\"text-align: justify;\">Entonces, los delegados del MAS tuvieron una larga reuni\u00f3n para decidir la f\u00f3rmula electoral, mientras que en Bolivia Jeanine \u00c1\u00f1ez era la presidente transitoria. El encuentro tuvo lugar en Buenos Aires.<\/p>\n<p style=\"text-align: justify;\">Los medios reflejaron que fue el propio Evo Morales el que defendi\u00f3 entonces la candidatura del actual presidente a capa y espada. Hab\u00eda una historia larga entre ambos. Durante la mayor parte del mandato de Morales, Luis Arce estuvo al frente de la cartera de Econom\u00eda. Algo similar ocurri\u00f3 con Choquehuanca, quien fue el canciller que m\u00e1s tiempo lo acompa\u00f1\u00f3.<\/p>\n<p style=\"text-align: justify;\">El 19 de octubre, Arce obtuvo una victoria con el 55,1% de los votos. Poco despu\u00e9s comenz\u00f3 su gesti\u00f3n presidencial.<br \/>\nPero Evo, por un lado y Lucho y David, por otro, se alejaron. Los desacuerdos agravaron y se convirtieron en conflictos internos insalvables. Eso se refleja en las declaraciones de Evo Morales, que ya se refiere al gobierno de Arce como el opositor m\u00e1s ac\u00e9rrimo y en la inocultable divisi\u00f3n que se produjo en la bancada oficialista en la Asamblea Legislativa, que tiene un bloque evista, y otro que apoya al presidente Arce.<\/p>\n<p style=\"text-align: justify;\">S\u00f3lo la teor\u00eda del golpe y el ataque a la presidencia de Jeanine \u00c1\u00f1ez, que hoy incluso quieren desconocer como tal, por el momento unifica a ambos bandos pero eso se puede romper tambi\u00e9n.<\/p>\n<p style=\"text-align: justify;\">Todo lo dem\u00e1s es distancia y confrontaci\u00f3n con acusaciones muy subidas de tono, y que tienen que ver con corrupci\u00f3n y narcotr\u00e1fico.<\/p>\n<p style=\"text-align: justify;\">Ayer, Arce y Choquehuanca lanzaron un spot que no es de gesti\u00f3n, sino una t\u00edpica producci\u00f3n de campa\u00f1a pol\u00edtica, que indirectamente impulsa la reelecci\u00f3n porque se escucha, al final, a un grupo de personas que exclaman \u201cse siente, se siente, Lucho Presidente\u201d.<\/p>\n<p style=\"text-align: justify;\">La producci\u00f3n tiene una serie de mensajes. \u201cYo lucho por mi pa\u00eds, junto a mis hermanos Lucho y David\u201d, dice la letra de la canci\u00f3n que abre la campa\u00f1a.<\/p>\n<p style=\"text-align: justify;\">Luego contin\u00faa: \u201cPorque Bolivia merece MAS, en crecimiento e igualdad. Nosotros somos pueblos de paz, por eso el cambio debe continuar\u201d.<\/p>\n<p style=\"text-align: justify;\">Y remata con la siguiente frase: \u201cLucho y David, un solo coraz\u00f3n\u201d. Todas las im\u00e1genes del spot fueron tomadas el 8 de febrero de 2020 en El Alto, la primera concentraci\u00f3n masiva del binomio antes de las elecciones de ese a\u00f1o.<\/p>\n<p style=\"text-align: justify;\">Arce aparece con la chamarra azul que lo acompa\u00f1\u00f3 en esos d\u00edas, con banderas, las manos levantadas, challando una ofrenda a la Pachamama junto a su compa\u00f1ero de f\u00f3rmula. Utiliza mucho el recurso de la c\u00e1mara lenta.<\/p>\n<p style=\"text-align: justify;\">Evo Morales no se hizo esperar con su respuesta. En su cuenta de Twitter, poste\u00f3: \u201cMuy contento y agradecido con las comadres por este agasajo significativo en este jueves de compadres; nos sorprendieron con un plato de puchero, una canasta de la abundancia serpentinas y mixturas. Orgulloso de nuestras costumbres carnavaleras. Hoy los compadres no lloramos\u201d.<\/p>\n<p style=\"text-align: justify;\">El agasajo se llev\u00f3 a cabo en Cochabamba. Sin embargo, en las fotos aparece con un sombrero, un saco de aguayo, y una polera con su foto y un mensaje muy claro: \u201cEvo Presidente 2025-2030\u201d.<\/p>\n<p style=\"text-align: justify;\">De esta forma, se levanta la bandera a cuadros en la campa\u00f1a para definir qui\u00e9n ser\u00e1 el candidato del MAS en las elecciones pr\u00f3ximas. Todo esto, en un contexto de crisis econ\u00f3mica y ante una oposici\u00f3n que est\u00e1 dividida y que tiene a uno de sus l\u00edderes, el gobernador de Santa Cruz, Luis Fernando Camacho, recluido en la c\u00e1rcel de Chonchocoro, acusado por el supuesto golpe de Estado de 2019.<\/p>\n<p style=\"text-align: justify;\">En la \u00faltima semana, la Comisi\u00f3n Mixta de Justicia Plural devolvi\u00f3 al Tribunal Supremo de Justicia (TSJ) tres proposiciones acusatorias en contra de la expresidente Jeanine \u00c1\u00f1ez, debido a la inexistencia de pruebas y fundamentaciones que respalden que la exmandataria fue designada presidenta constitucional en 2019.<\/p>\n<p style=\"text-align: justify;\">Las tres fueron por casos relacionados con un pr\u00e9stamo del Fondo Monetario Internacional (FMI), la ampliaci\u00f3n de contrato de Fundempresa y por la vulneraci\u00f3n a los derechos al trabajo y a la libre expresi\u00f3n en 2020.<\/p>\n<p style=\"text-align: justify;\">El presidente de la mencionada comisi\u00f3n, senador Luis Adolfo Flores (MAS), inform\u00f3 que por mayor\u00eda \u201cse aprob\u00f3 remitir la documentaci\u00f3n para que argumenten, suplan y puedan complementar pruebas suficientes, para que esta Comisi\u00f3n pueda aprobar o no un juicio de responsabilidades contra \u00c1\u00f1ez\u201d, porque la desconocen como presidente.<\/p>\n<p style=\"text-align: justify;\">La aludida, desde su celda en la c\u00e1rcel de Miraflores, respondi\u00f3 al diputado: \u201cSi yo no fui Presidente, renuncie entonces senador Luis Adolfo Flores y rinda cuentas por usurpar sus anteriores funciones de gobernador de Pando. Porque si no fui Presidente, la Ley de Pr\u00f3rroga que promulgu\u00e9 no sirve. Debe irse igual que sus colegas y Luis Arce por ilegales\u201d.<\/p>\n<p style=\"text-align: justify;\">De esta forma, para los sectores del MAS afines a Morales, este hecho podr\u00eda justificar que la elecci\u00f3n del presidente Arce no fue leg\u00edtima, y podr\u00eda ser un argumento para inhabilitarlo.<\/p>\n<p style=\"text-align: justify;\">El ministro de Justicia, Iv\u00e1n Lima, explic\u00f3 que el procedimiento determinado por la Ley 044, no corresponde \u201ca una Gobernante de Facto. Ese entendimiento fue definido en el Caso EBA por las instancias jurisdiccionales y la Justicia Constitucional. Bajo ese precedente, se opt\u00f3 por seguir los juicios contra la ex Senadora A\u00f1ez en la via ordinaria\u201d.<\/p>\n<p style=\"text-align: justify;\">Acot\u00f3 que \u201cesta decisi\u00f3n tiene tambien como fundamento el art\u00edculo 8 inciso h) de la Convenci\u00f3n Interamericana de Derechos Humanos, que proh\u00edbe el juicio en \u00fanica instancia. El caso de corte o juicio de responsabilidades, al ser de unica instancia es inconvencional y por tanto no es una opcion de enjuiciamiento valido. La Corte Interamericana a partir de Herrera Ulloa vs Costa Rica, proh\u00edbe a los Estados juzgar a A\u00f1ez o a cualquier persona en un juicio de \u00fanica instancia. Es por eso que la \u00fanica v\u00eda para enjuiciarla es la ordinaria\u201d.<\/p>\n<p style=\"text-align: justify;\">Consultado sobre si es que desconocer la presidencia de \u00c1\u00f1ez puede ser hacer lo mismo con la de Arce, porque ella viabiliz\u00f3 los comicios que lo llevaron a la Casa Grande, respondi\u00f3: \u201cSon temas diferentes. El tema de la doble instancia Convencional no tiene ninguna relaci\u00f3n con el tema que usted se\u00f1ala\u201d.<\/p>\n<p style=\"text-align: justify;\">\n","protected":false},"excerpt":{"rendered":"<p>Las elecciones primarias ser\u00e1n en 2024, falta un a\u00f1o. En 2020, tras renunciar a la presidencia a fines de 2019 y salir del pa\u00eds, desde su exilio en Buenos Aires, Argentina, Evo Morales nombr\u00f3 a Luis Arce Catacora como candidato a la presidencia por el MAS. Muchas cosas han cambiado. Ayer, ambos lanzaron sus campa\u00f1as [&hellip;]<\/p>\n","protected":false},"author":4,"featured_media":43805,"comment_status":"open","ping_status":"open","sticky":false,"template":"","format":"standard","meta":{"footnotes":""},"categories":[18,48,46],"tags":[],"class_list":{"0":"post-43804","1":"post","2":"type-post","3":"status-publish","4":"format-standard","5":"has-post-thumbnail","7":"category-politica","8":"category-portada-general-sitio","9":"category-portada-politica"},"_links":{"self":[{"href":"https:\/\/jms.com.bo\/mediamonitor\/wp-json\/wp\/v2\/posts\/43804","targetHints":{"allow":["GET"]}}],"collection":[{"href":"https:\/\/jms.com.bo\/mediamonitor\/wp-json\/wp\/v2\/posts"}],"about":[{"href":"https:\/\/jms.com.bo\/mediamonitor\/wp-json\/wp\/v2\/types\/post"}],"author":[{"embeddable":true,"href":"https:\/\/jms.com.bo\/mediamonitor\/wp-json\/wp\/v2\/users\/4"}],"replies":[{"embeddable":true,"href":"https:\/\/jms.com.bo\/mediamonitor\/wp-json\/wp\/v2\/comments?post=43804"}],"version-history":[{"count":0,"href":"https:\/\/jms.com.bo\/mediamonitor\/wp-json\/wp\/v2\/posts\/43804\/revisions"}],"wp:featuredmedia":[{"embeddable":true,"href":"https:\/\/jms.com.bo\/mediamonitor\/wp-json\/wp\/v2\/media\/43805"}],"wp:attachment":[{"href":"https:\/\/jms.com.bo\/mediamonitor\/wp-json\/wp\/v2\/media?parent=43804"}],"wp:term":[{"taxonomy":"category","embeddable":true,"href":"https:\/\/jms.com.bo\/mediamonitor\/wp-json\/wp\/v2\/categories?post=43804"},{"taxonomy":"post_tag","embeddable":true,"href":"https:\/\/jms.com.bo\/mediamonitor\/wp-json\/wp\/v2\/tags?post=43804"}],"curies":[{"name":"wp","href":"https:\/\/api.w.org\/{rel}","templated":true}]}}