{"id":43808,"date":"2023-02-10T06:46:23","date_gmt":"2023-02-10T10:46:23","guid":{"rendered":"https:\/\/jms.com.bo\/mediamonitor\/2023\/02\/10\/arce-indica-que-se-acelera-la-industrializacion-para-que-el-pais-salga-mas-rapido-de-la-crisis\/"},"modified":"2023-02-10T06:46:41","modified_gmt":"2023-02-10T10:46:41","slug":"arce-indica-que-se-acelera-la-industrializacion-para-que-el-pais-salga-mas-rapido-de-la-crisis","status":"publish","type":"post","link":"https:\/\/jms.com.bo\/mediamonitor\/2023\/02\/10\/arce-indica-que-se-acelera-la-industrializacion-para-que-el-pais-salga-mas-rapido-de-la-crisis\/","title":{"rendered":"Arce indica que se acelera la industrializaci\u00f3n para que el pa\u00eds salga m\u00e1s r\u00e1pido de la crisis"},"content":{"rendered":"<p style=\"text-align: justify;\">El presidente Luis Arce participa de los actos por el 242 aniversario de la revoluci\u00f3n de Oruro. Este jueves entreg\u00f3 un instituto y se\u00f1al\u00f3 que su gobierno est\u00e1 acelerando la industrializaci\u00f3n para que el pa\u00eds salga m\u00e1s r\u00e1pido de la crisis.<\/p>\n<p style=\"text-align: justify;\">\u00abLa educaci\u00f3n t\u00e9cnica y tecnol\u00f3gica es importante para cualquier pa\u00eds, especialmente para el nuestro. En estos momentos en que el Gobierno nacional est\u00e1 imprimiendo el acelerador para industrializar el pa\u00eds, cuando estamos imprimiendo el acelerador para que Bolivia salga mucho m\u00e1s r\u00e1pido de esa crisis con la industrializaci\u00f3n con sustituci\u00f3n de importaciones. Para consumir cada vez m\u00e1s lo producido con materia prima y manos bolivianas\u00bb, destac\u00f3.<\/p>\n<p style=\"text-align: justify;\">El Mandatario inaugur\u00f3 el Instituto Tecnol\u00f3gico Fabril de Oruro, que ya tiene resoluci\u00f3n ministerial para sus actividades. Est\u00e1 en la Avenida DN y circunvalaci\u00f3n Zona Sud de Oruro. Asimismo, subray\u00f3 que este centro fue impulsado por los trabajadores fabriles.<\/p>\n<p style=\"text-align: justify;\">\u00abTodos aportamos en el engrandecimiento de nuestro pa\u00eds, all\u00e1 donde estemos, quiz\u00e1 en el lugarcito m\u00e1s humilde. Ah\u00ed estamos aportando al crecimiento de nuestro pa\u00eds y por eso tenemos un pa\u00eds que crece, que se desarrolla y que tiene grandes perspectivas\u00bb.<\/p>\n<p style=\"text-align: justify;\">Se apunta a que este instituto especialice en \u00e1reas t\u00e9cnicas, necesarias para el plan de industrializaci\u00f3n del Gobierno.<\/p>\n<p style=\"text-align: justify;\">Anteriormente, Arce particip\u00f3 en la sesi\u00f3n de honor de la Asamblea Departamental de Oruro, en ocasi\u00f3n de los 242 a\u00f1os de la revoluci\u00f3n del 10 de febrero de 1781.<\/p>\n<p style=\"text-align: justify;\">En su alocuci\u00f3n, destac\u00f3 logros y avances de su gesti\u00f3n en materia de econ\u00f3mica, productiva y en proyectos en ese departamento.<\/p>\n<p style=\"text-align: justify;\">\u201cNuestra econom\u00eda est\u00e1 creciendo, y tambi\u00e9n estamos disminuyendo la pobreza y las desigualdades\u201d, dijo en el acto que se realiz\u00f3 en el Teatro Internacional de Oruro.<\/p>\n<p style=\"text-align: justify;\">Record\u00f3 que \u201cla pobreza en Oruro se redujo de 40%, en 2020, a 35%, en 2021. \u201cLa pobreza extrema pas\u00f3 del 17% al 10%\u201d en el mismo tiempo. Y la desigualdad paso de pas\u00f3 de 0,42% a 0,41%.<\/p>\n<p style=\"text-align: justify;\">Se\u00f1al\u00f3 que, en el mismo periodo, \u201cse registr\u00f3 un crecimiento de la actividad econ\u00f3mica departamental del orden del 14,4%. La mejora de la actividad econ\u00f3mica se siente en la regi\u00f3n\u201d.<\/p>\n<p style=\"text-align: justify;\">\u201cPero todav\u00eda tenemos mucho por hacer\u201d, dijo el mandatario.<\/p>\n","protected":false},"excerpt":{"rendered":"<p>El presidente Luis Arce participa de los actos por el 242 aniversario de la revoluci\u00f3n de Oruro. Este jueves entreg\u00f3 un instituto y se\u00f1al\u00f3 que su gobierno est\u00e1 acelerando la industrializaci\u00f3n para que el pa\u00eds salga m\u00e1s r\u00e1pido de la crisis. \u00abLa educaci\u00f3n t\u00e9cnica y tecnol\u00f3gica es importante para cualquier pa\u00eds, especialmente para el nuestro. [&hellip;]<\/p>\n","protected":false},"author":4,"featured_media":43809,"comment_status":"open","ping_status":"open","sticky":false,"template":"","format":"standard","meta":{"footnotes":""},"categories":[25],"tags":[],"class_list":{"0":"post-43808","1":"post","2":"type-post","3":"status-publish","4":"format-standard","5":"has-post-thumbnail","7":"category-economia"},"_links":{"self":[{"href":"https:\/\/jms.com.bo\/mediamonitor\/wp-json\/wp\/v2\/posts\/43808","targetHints":{"allow":["GET"]}}],"collection":[{"href":"https:\/\/jms.com.bo\/mediamonitor\/wp-json\/wp\/v2\/posts"}],"about":[{"href":"https:\/\/jms.com.bo\/mediamonitor\/wp-json\/wp\/v2\/types\/post"}],"author":[{"embeddable":true,"href":"https:\/\/jms.com.bo\/mediamonitor\/wp-json\/wp\/v2\/users\/4"}],"replies":[{"embeddable":true,"href":"https:\/\/jms.com.bo\/mediamonitor\/wp-json\/wp\/v2\/comments?post=43808"}],"version-history":[{"count":1,"href":"https:\/\/jms.com.bo\/mediamonitor\/wp-json\/wp\/v2\/posts\/43808\/revisions"}],"predecessor-version":[{"id":43810,"href":"https:\/\/jms.com.bo\/mediamonitor\/wp-json\/wp\/v2\/posts\/43808\/revisions\/43810"}],"wp:featuredmedia":[{"embeddable":true,"href":"https:\/\/jms.com.bo\/mediamonitor\/wp-json\/wp\/v2\/media\/43809"}],"wp:attachment":[{"href":"https:\/\/jms.com.bo\/mediamonitor\/wp-json\/wp\/v2\/media?parent=43808"}],"wp:term":[{"taxonomy":"category","embeddable":true,"href":"https:\/\/jms.com.bo\/mediamonitor\/wp-json\/wp\/v2\/categories?post=43808"},{"taxonomy":"post_tag","embeddable":true,"href":"https:\/\/jms.com.bo\/mediamonitor\/wp-json\/wp\/v2\/tags?post=43808"}],"curies":[{"name":"wp","href":"https:\/\/api.w.org\/{rel}","templated":true}]}}