{"id":43819,"date":"2023-02-10T06:53:54","date_gmt":"2023-02-10T10:53:54","guid":{"rendered":"https:\/\/jms.com.bo\/mediamonitor\/2023\/02\/10\/planta-solar-oruro-genera-el-56-de-la-energia-fotovoltaica-de-bolivia\/"},"modified":"2023-02-10T06:53:54","modified_gmt":"2023-02-10T10:53:54","slug":"planta-solar-oruro-genera-el-56-de-la-energia-fotovoltaica-de-bolivia","status":"publish","type":"post","link":"https:\/\/jms.com.bo\/mediamonitor\/2023\/02\/10\/planta-solar-oruro-genera-el-56-de-la-energia-fotovoltaica-de-bolivia\/","title":{"rendered":"Planta Solar Oruro genera el 56% de la energ\u00eda fotovoltaica de Bolivia"},"content":{"rendered":"<p style=\"text-align: justify;\">La Planta Solar Oruro produce el 56% de la energ\u00eda fotovoltaica de Bolivia y cubre la demanda el\u00e9ctrica del departamento, adem\u00e1s genera excedentes que pueden ser destinados al abastecimiento de otras regiones de Bolivia.<\/p>\n<p style=\"text-align: justify;\">Localizada en el municipio de Caracollo, provincia Cercado, la planta inyecta diariamente al Sistema Interconectado Nacional (SIN) alrededor de 560 megavatios hora (MWh), de acuerdo a los datos de Ende Guaracachi, empresa p\u00fablica que genera y distribuye electricidad, a trav\u00e9s de ciclo combinado, termoel\u00e9ctricas y energ\u00edas renovables.<\/p>\n<p style=\"text-align: justify;\">Desde que la planta entr\u00f3 en operaci\u00f3n lleg\u00f3 a producir 317,6 gigavatios hora (GWh) de energ\u00eda el\u00e9ctrica limpia, lo que evit\u00f3 la emisi\u00f3n de 131.095,4 toneladas de di\u00f3xido de carbono (CO2), cantidad que se expulsar\u00eda a la atm\u00f3sfera con la generaci\u00f3n de energ\u00eda a gas.<\/p>\n<p style=\"text-align: justify;\">La planta fotovoltaica trajo importantes beneficios para que la poblaci\u00f3n goce de energ\u00eda el\u00e9ctrica confiable con fuentes de generaci\u00f3n amigables con el medio ambiente, destaca un reporte de ENDE.<\/p>\n<p style=\"text-align: justify;\">Oruro brinda condiciones para producir energ\u00eda solar, ya que la regi\u00f3n altipl\u00e1nica tiene uno de los niveles de radiaci\u00f3n solar m\u00e1s altos del mundo, cerca de 8 kilovatios-hora por metro cuadrado (kWH\/m\u00b2), que es de gran provecho para la \u00f3ptima operaci\u00f3n de la planta.<\/p>\n<p style=\"text-align: justify;\">De manera peri\u00f3dica, la estatal realiza tareas de mantenimiento a la planta, que implica acciones operativas de electr\u00f3nica de potencia, sistemas de control y sistemas de potencia y estructuras, que son actividades de gran importancia para que la producci\u00f3n de energ\u00eda sea constante en el tiempo y no se registren inconvenientes de magnitud.<\/p>\n<p style=\"text-align: justify;\">ENDE Corporaci\u00f3n, a trav\u00e9s de su filial Ende Guaracachi S.A., tambi\u00e9n realiza trabajos de operaci\u00f3n, supervisi\u00f3n y mantenimiento de la Planta Solar Oruro con el fin de garantizar la confiabilidad y la disponibilidad de los equipos que producen energ\u00eda en los par\u00e1metros de calidad y seguridad requeridas por el Sistema Interconectado Nacional.<\/p>\n<p style=\"text-align: justify;\">El Gobierno nacional, a trav\u00e9s de ENDE Corporaci\u00f3n y sus filiales, impulsa el cambio de matriz energ\u00e9tica mediante el aprovechamiento de fuentes renovables como la energ\u00eda solar, hidroel\u00e9ctrica y e\u00f3lica.<\/p>\n","protected":false},"excerpt":{"rendered":"<p>La Planta Solar Oruro produce el 56% de la energ\u00eda fotovoltaica de Bolivia y cubre la demanda el\u00e9ctrica del departamento, adem\u00e1s genera excedentes que pueden ser destinados al abastecimiento de otras regiones de Bolivia. Localizada en el municipio de Caracollo, provincia Cercado, la planta inyecta diariamente al Sistema Interconectado Nacional (SIN) alrededor de 560 megavatios [&hellip;]<\/p>\n","protected":false},"author":4,"featured_media":43820,"comment_status":"open","ping_status":"open","sticky":false,"template":"","format":"standard","meta":{"footnotes":""},"categories":[39,44,48],"tags":[],"class_list":{"0":"post-43819","1":"post","2":"type-post","3":"status-publish","4":"format-standard","5":"has-post-thumbnail","7":"category-energia","8":"category-portada-energia","9":"category-portada-general-sitio"},"_links":{"self":[{"href":"https:\/\/jms.com.bo\/mediamonitor\/wp-json\/wp\/v2\/posts\/43819","targetHints":{"allow":["GET"]}}],"collection":[{"href":"https:\/\/jms.com.bo\/mediamonitor\/wp-json\/wp\/v2\/posts"}],"about":[{"href":"https:\/\/jms.com.bo\/mediamonitor\/wp-json\/wp\/v2\/types\/post"}],"author":[{"embeddable":true,"href":"https:\/\/jms.com.bo\/mediamonitor\/wp-json\/wp\/v2\/users\/4"}],"replies":[{"embeddable":true,"href":"https:\/\/jms.com.bo\/mediamonitor\/wp-json\/wp\/v2\/comments?post=43819"}],"version-history":[{"count":0,"href":"https:\/\/jms.com.bo\/mediamonitor\/wp-json\/wp\/v2\/posts\/43819\/revisions"}],"wp:featuredmedia":[{"embeddable":true,"href":"https:\/\/jms.com.bo\/mediamonitor\/wp-json\/wp\/v2\/media\/43820"}],"wp:attachment":[{"href":"https:\/\/jms.com.bo\/mediamonitor\/wp-json\/wp\/v2\/media?parent=43819"}],"wp:term":[{"taxonomy":"category","embeddable":true,"href":"https:\/\/jms.com.bo\/mediamonitor\/wp-json\/wp\/v2\/categories?post=43819"},{"taxonomy":"post_tag","embeddable":true,"href":"https:\/\/jms.com.bo\/mediamonitor\/wp-json\/wp\/v2\/tags?post=43819"}],"curies":[{"name":"wp","href":"https:\/\/api.w.org\/{rel}","templated":true}]}}