{"id":43823,"date":"2023-02-10T07:00:07","date_gmt":"2023-02-10T11:00:07","guid":{"rendered":"https:\/\/jms.com.bo\/mediamonitor\/2023\/02\/10\/gobierno-rechaza-criticas-a-decreto-4794-y-dice-que-industrias-gozan-de-subvencion-electrica\/"},"modified":"2023-02-10T07:00:07","modified_gmt":"2023-02-10T11:00:07","slug":"gobierno-rechaza-criticas-a-decreto-4794-y-dice-que-industrias-gozan-de-subvencion-electrica","status":"publish","type":"post","link":"https:\/\/jms.com.bo\/mediamonitor\/2023\/02\/10\/gobierno-rechaza-criticas-a-decreto-4794-y-dice-que-industrias-gozan-de-subvencion-electrica\/","title":{"rendered":"Gobierno rechaza cr\u00edticas a Decreto 4794 y dice que industrias gozan de subvenci\u00f3n el\u00e9ctrica"},"content":{"rendered":"<p style=\"text-align: justify;\">El Gobierno garantiza el suministro de electricidad y gas subvencionados para los procesos productivos de las industrias a trav\u00e9s del Decreto Supremo 4794, en el marco de la pol\u00edtica de transici\u00f3n energ\u00e9tica, inform\u00f3 Ronald Veizaga, vocero del sector el\u00e9ctrico del Ministerio de Hidrocarburos y Energ\u00edas.<\/p>\n<p style=\"text-align: justify;\">\u201cLos empresarios est\u00e1n subvencionados como en ning\u00fan otro lado. Hablan de competitividad, hablan de dar el hombro al Estado, pero el Estado les viene dando el hombro todos los d\u00edas con combustibles, electricidad y gas subvencionadas\u201d, se\u00f1al\u00f3 el vocero al rechazar las cr\u00edticas de la C\u00e1mara de Industria, Comercio, Servicios y Turismo (Cainco) a la norma.<\/p>\n<p style=\"text-align: justify;\">El funcionario manifest\u00f3 que Bolivia tiene la tarifa el\u00e9ctrica m\u00e1s baja de los pa\u00edses vecinos y que en particular, el sector industrial en Santa Cruz \u2014por ejemplo\u2014 tiene una tarifa que es inferior a la categor\u00eda domiciliaria.<\/p>\n<p style=\"text-align: justify;\">\u201cPara dialogar no hay que mentir, hasta el momento ninguna empresa ha transparentado sus costos de producci\u00f3n y es imposible que un solo insumo represente el 40% del costo de producci\u00f3n de una industria, a menos que sea una empresa que se dedique a vender electricidad\u201d, precis\u00f3 Veizaga.<\/p>\n<p style=\"text-align: justify;\">Se estima que hay m\u00e1s de 100 empresas que se autogeneran electricidad con conexiones ilegales de gas \u201cy eso no se puede permitir\u201d, apunt\u00f3.<\/p>\n<p style=\"text-align: justify;\">Aclar\u00f3 que el Gobierno nunca cerr\u00f3 las puertas del di\u00e1logo, \u201cquienes no hicieron su tarea fue el sector industrial al no enviar informaci\u00f3n t\u00e9cnica sobre sus costos de operaci\u00f3n, consumo de gas para generar electricidad, ni continuar con las mesas de trabajo\u201d.<\/p>\n<p style=\"text-align: justify;\">Bolivia, al igual que el mundo entero, apunta a la transici\u00f3n energ\u00e9tica para sustituir las fuentes f\u00f3siles por energ\u00edas renovables y amigables con el medioambiente.<\/p>\n<p style=\"text-align: justify;\">En ese sentido, Veizaga remarc\u00f3 que el Decreto 4794 busca reducir el consumo de gas en la generaci\u00f3n el\u00e9ctrica para que las industrias puedan aprovechar la electricidad del Sistema Interconectado Nacional (SIN), que utiliza el gas con m\u00e1s eficiencia e incorpora fuentes renovables.<\/p>\n<p style=\"text-align: justify;\">\u201cEn ninguna parte del decreto ni del reglamento se menciona que el gas que dejar\u00e1n de utilizar para autogeneraci\u00f3n el\u00e9ctrica se destinar\u00e1 a exportaci\u00f3n\u201d, expres\u00f3.<\/p>\n<p style=\"text-align: justify;\">Veizaga acot\u00f3 que hasta el momento ninguna empresa ha demostrado que se les baj\u00f3 el volumen de suministro de gas para sus procesos productivos, por tanto, pidi\u00f3 mayor responsabilidad al sector industrial y los exhort\u00f3 a no desinformar a la poblaci\u00f3n.<\/p>\n<p style=\"text-align: justify;\">Cainco se\u00f1al\u00f3 el mi\u00e9rcoles que las industrias de Santa Cruz ya sufren restricciones de gas natural para autogeneraci\u00f3n de energ\u00eda el\u00e9ctrica y denuncian que el Gobierno resta este energ\u00e9tico al sector para priorizar la exportaci\u00f3n a los mercados de Argentina y Brasil.<\/p>\n<p style=\"text-align: justify;\">Con el Decreto Supremo 4794 de septiembre del a\u00f1o pasado, el Gobierno restringe el uso del gas natural para los industriales con el fin de que YPFB pueda venderlo a mejores mercados. De esa manera, el sector debe dejar de emplear gas para la autogeneraci\u00f3n de energ\u00eda en las empresas y conectarse al Sistema Interconectado Nacional (SIN).<\/p>\n<p style=\"text-align: justify;\">Luis Fernando Strauss, gerente de Desarrollo Empresarial de Cainco, dijo que, con la norma, el Gobierno dispuso un plazo m\u00ednimo a las industrias, para que se conecten al Sistema Interconectado Nacional y tengan energ\u00eda el\u00e9ctrica por el tendido el\u00e9ctrico convencional. \u201cEsto no fue consultado con el sector empresarial y desconoce todos los esfuerzos e inversiones de nuestras industrias, quienes creyeron en el compromiso del Gobierno desde 2014\u201d, subray\u00f3.<\/p>\n<p style=\"text-align: justify;\">\n","protected":false},"excerpt":{"rendered":"<p>El Gobierno garantiza el suministro de electricidad y gas subvencionados para los procesos productivos de las industrias a trav\u00e9s del Decreto Supremo 4794, en el marco de la pol\u00edtica de transici\u00f3n energ\u00e9tica, inform\u00f3 Ronald Veizaga, vocero del sector el\u00e9ctrico del Ministerio de Hidrocarburos y Energ\u00edas. \u201cLos empresarios est\u00e1n subvencionados como en ning\u00fan otro lado. Hablan [&hellip;]<\/p>\n","protected":false},"author":4,"featured_media":43824,"comment_status":"open","ping_status":"open","sticky":false,"template":"","format":"standard","meta":{"footnotes":""},"categories":[40,23],"tags":[],"class_list":{"0":"post-43823","1":"post","2":"type-post","3":"status-publish","4":"format-standard","5":"has-post-thumbnail","7":"category-bolivia","8":"category-hidrocarburos"},"_links":{"self":[{"href":"https:\/\/jms.com.bo\/mediamonitor\/wp-json\/wp\/v2\/posts\/43823","targetHints":{"allow":["GET"]}}],"collection":[{"href":"https:\/\/jms.com.bo\/mediamonitor\/wp-json\/wp\/v2\/posts"}],"about":[{"href":"https:\/\/jms.com.bo\/mediamonitor\/wp-json\/wp\/v2\/types\/post"}],"author":[{"embeddable":true,"href":"https:\/\/jms.com.bo\/mediamonitor\/wp-json\/wp\/v2\/users\/4"}],"replies":[{"embeddable":true,"href":"https:\/\/jms.com.bo\/mediamonitor\/wp-json\/wp\/v2\/comments?post=43823"}],"version-history":[{"count":0,"href":"https:\/\/jms.com.bo\/mediamonitor\/wp-json\/wp\/v2\/posts\/43823\/revisions"}],"wp:featuredmedia":[{"embeddable":true,"href":"https:\/\/jms.com.bo\/mediamonitor\/wp-json\/wp\/v2\/media\/43824"}],"wp:attachment":[{"href":"https:\/\/jms.com.bo\/mediamonitor\/wp-json\/wp\/v2\/media?parent=43823"}],"wp:term":[{"taxonomy":"category","embeddable":true,"href":"https:\/\/jms.com.bo\/mediamonitor\/wp-json\/wp\/v2\/categories?post=43823"},{"taxonomy":"post_tag","embeddable":true,"href":"https:\/\/jms.com.bo\/mediamonitor\/wp-json\/wp\/v2\/tags?post=43823"}],"curies":[{"name":"wp","href":"https:\/\/api.w.org\/{rel}","templated":true}]}}