{"id":43886,"date":"2023-02-13T06:47:57","date_gmt":"2023-02-13T10:47:57","guid":{"rendered":"https:\/\/jms.com.bo\/mediamonitor\/2023\/02\/13\/cao-pide-aplicar-el-seguro-agrario-ante-perdida-de-cultivos-por-us-40-millones-por-inclemencias-climatologicas\/"},"modified":"2023-02-13T06:47:57","modified_gmt":"2023-02-13T10:47:57","slug":"cao-pide-aplicar-el-seguro-agrario-ante-perdida-de-cultivos-por-us-40-millones-por-inclemencias-climatologicas","status":"publish","type":"post","link":"https:\/\/jms.com.bo\/mediamonitor\/2023\/02\/13\/cao-pide-aplicar-el-seguro-agrario-ante-perdida-de-cultivos-por-us-40-millones-por-inclemencias-climatologicas\/","title":{"rendered":"CAO pide aplicar el seguro agrario ante p\u00e9rdida de cultivos por $us 40 millones por inclemencias climatol\u00f3gicas"},"content":{"rendered":"<p style=\"text-align: justify;\">La C\u00e1mara Agropecuaria del Oriente (CAO) a trav\u00e9s de su presidente \u00d3scar Justiniano plante\u00f3 aplicar el seguro agrario a peque\u00f1os, medianos y grandes productores que perdieron cultivos por inclemencias climatol\u00f3gicas.<\/p>\n<p style=\"text-align: justify;\">\u201cEl seguro agrario debe ser trabajado con el sector privado productor; necesitamos trabajar en un elemento que funcione bajo una l\u00f3gica econ\u00f3mica para que haya seguridad de que lo que se siembre pueda estar cubierto ante las inclemencias climatol\u00f3gicas y otras que puedan venir, no nos olvidemos del fuego\u201d, dijo.<\/p>\n<p style=\"text-align: justify;\">El representante de los agropecuarios dijo que frente a un cambio clim\u00e1tico real, con nevadas en pleno verano en Cochabamba y una gran cantidad de lluvias en corto tiempo, como sucedi\u00f3 en Santa Cruz, es importante que se implemente pol\u00edticas de Estado a nivel nacional, departamental y municipal, que deben saber responder ante los problemas climatol\u00f3gicos.<\/p>\n<p style=\"text-align: justify;\">\u201cSi bien se siguen cuantificando las p\u00e9rdidas porque no hay que olvidar que no ha dejado de llover, va a seguir el pron\u00f3stico de lluvias fuertes m\u00e1s ligados hacia los d\u00edas de Carnaval, aunque eso tambi\u00e9n se va moviendo (\u2026). Por el momento ya van m\u00e1s de 40 millones de d\u00f3lares en afectaci\u00f3n, pero muy dirigido a peque\u00f1os productores y eso es lo m\u00e1s preocupante\u201d, afirm\u00f3.<\/p>\n<p style=\"text-align: justify;\">Justiniano explic\u00f3 que por an\u00e1lisis realizados por la CAO y la Asociaci\u00f3n de Productores de Oleaginosas y Trigo (Anapo), la principal causa de las inundaciones es una deficitaria gesti\u00f3n en distintos niveles de Gobierno que no entienden que la canalizaci\u00f3n de las aguas por efecto de las lluvias puedan concluir en r\u00edos.<\/p>\n<p style=\"text-align: justify;\">\u201cY eso pasa porque al ser peque\u00f1as, medianas o grandes propiedades privadas o comunitarias cada uno busca d\u00f3nde descargar sus aguas y lo hace en los vecinos. Cuando vemos las im\u00e1genes lo que se constata es que la mayor\u00eda de las inundaciones se dan por aguas est\u00e1ticas, es decir que la falta de planificaci\u00f3n, canalizaci\u00f3n\u201d, explic\u00f3.<\/p>\n<p style=\"text-align: justify;\">Seg\u00fan el presidente de la CAO, los cultivos de soya han sido los m\u00e1s afectados, siendo que son estrat\u00e9gicos para la econom\u00eda nacional.<\/p>\n<p style=\"text-align: justify;\">\u201cHay cerca de 1,1 mill\u00f3n de hect\u00e1reas de soya y las altas expectativas de los productores por los altos precios que est\u00e1 teniendo el grano de oro que es uno de los motores no solo en la cantidad de exportaci\u00f3n que ingresa por concepto de divisas, sino tambi\u00e9n en la generaci\u00f3n de empleos en todo el pa\u00eds porque la cadena productiva es extremadamente grande\u201d, sostuvo.<\/p>\n","protected":false},"excerpt":{"rendered":"<p>La C\u00e1mara Agropecuaria del Oriente (CAO) a trav\u00e9s de su presidente \u00d3scar Justiniano plante\u00f3 aplicar el seguro agrario a peque\u00f1os, medianos y grandes productores que perdieron cultivos por inclemencias climatol\u00f3gicas. \u201cEl seguro agrario debe ser trabajado con el sector privado productor; necesitamos trabajar en un elemento que funcione bajo una l\u00f3gica econ\u00f3mica para que haya [&hellip;]<\/p>\n","protected":false},"author":4,"featured_media":43887,"comment_status":"open","ping_status":"open","sticky":false,"template":"","format":"standard","meta":{"footnotes":""},"categories":[52],"tags":[],"class_list":{"0":"post-43886","1":"post","2":"type-post","3":"status-publish","4":"format-standard","5":"has-post-thumbnail","7":"category-alimentos-agroindustria"},"_links":{"self":[{"href":"https:\/\/jms.com.bo\/mediamonitor\/wp-json\/wp\/v2\/posts\/43886","targetHints":{"allow":["GET"]}}],"collection":[{"href":"https:\/\/jms.com.bo\/mediamonitor\/wp-json\/wp\/v2\/posts"}],"about":[{"href":"https:\/\/jms.com.bo\/mediamonitor\/wp-json\/wp\/v2\/types\/post"}],"author":[{"embeddable":true,"href":"https:\/\/jms.com.bo\/mediamonitor\/wp-json\/wp\/v2\/users\/4"}],"replies":[{"embeddable":true,"href":"https:\/\/jms.com.bo\/mediamonitor\/wp-json\/wp\/v2\/comments?post=43886"}],"version-history":[{"count":0,"href":"https:\/\/jms.com.bo\/mediamonitor\/wp-json\/wp\/v2\/posts\/43886\/revisions"}],"wp:featuredmedia":[{"embeddable":true,"href":"https:\/\/jms.com.bo\/mediamonitor\/wp-json\/wp\/v2\/media\/43887"}],"wp:attachment":[{"href":"https:\/\/jms.com.bo\/mediamonitor\/wp-json\/wp\/v2\/media?parent=43886"}],"wp:term":[{"taxonomy":"category","embeddable":true,"href":"https:\/\/jms.com.bo\/mediamonitor\/wp-json\/wp\/v2\/categories?post=43886"},{"taxonomy":"post_tag","embeddable":true,"href":"https:\/\/jms.com.bo\/mediamonitor\/wp-json\/wp\/v2\/tags?post=43886"}],"curies":[{"name":"wp","href":"https:\/\/api.w.org\/{rel}","templated":true}]}}