{"id":43888,"date":"2023-02-13T06:49:20","date_gmt":"2023-02-13T10:49:20","guid":{"rendered":"https:\/\/jms.com.bo\/mediamonitor\/2023\/02\/13\/gripe-aviar-senasag-emite-prohibicion-temporal-de-venta-de-aves-vivas-en-mercados-de-cochabamba\/"},"modified":"2023-02-13T06:49:20","modified_gmt":"2023-02-13T10:49:20","slug":"gripe-aviar-senasag-emite-prohibicion-temporal-de-venta-de-aves-vivas-en-mercados-de-cochabamba","status":"publish","type":"post","link":"https:\/\/jms.com.bo\/mediamonitor\/2023\/02\/13\/gripe-aviar-senasag-emite-prohibicion-temporal-de-venta-de-aves-vivas-en-mercados-de-cochabamba\/","title":{"rendered":"Gripe aviar: Senasag emite prohibici\u00f3n temporal de venta de aves vivas en mercados de Cochabamba"},"content":{"rendered":"<p style=\"text-align: justify;\">Prohibida por dos semanas est\u00e1 la venta de aves vivas en los mercados de Cochabamba. La decisi\u00f3n responde a un instructivo del Servicio Nacional de Sanidad Agropecuaria e Inocuidad Alimentaria (Senasag). La medida preventiva se enmarca en los esfuerzos del Estado por contener y eliminar la gripe aviar.\u200b<\/p>\n<p style=\"text-align: justify;\">El Senasag aprob\u00f3 la Resoluci\u00f3n Administrativa 025\/2023, que establece zonas de contenci\u00f3n, medidas sanitarias y prohibiciones para eliminar la enfermedad del pa\u00eds.<\/p>\n<p style=\"text-align: justify;\">Esta prohibici\u00f3n, que rige desde el jueves pasado, \u201ces para las aves vivas\u201d, confirm\u00f3 el gerente general de la Asociaci\u00f3n de Avicultores de Cochabamba (ADA), Marco Calvi. \u201cEs para las aves de corral y aves de traspatio\u201d, agreg\u00f3.<\/p>\n<p style=\"text-align: justify;\">Ayer viernes y hoy s\u00e1bado, personal del Senasag, de la Intendencia cochabambina y de Zoonosis realizaron controles en mercados cochabambinos y brindaron informaci\u00f3n preventiva sobre la influenza aviar.<\/p>\n<p style=\"text-align: justify;\">\u201cLa demanda ha bajado bastante, entre 25 a 30%, por una informaci\u00f3n err\u00f3nea de que al consumir carne de pollo o huevo comercial se transmit\u00eda la influenza aviar, lo que es totalmente err\u00f3neo\u201d, subray\u00f3 el ejecutivo de ADA.<\/p>\n<p style=\"text-align: justify;\">El 28 de enero, el Gobierno confirm\u00f3 brotes de influenza aviar o gripe aviar en los municipios cochabambinos de Sacaba y Quillacollo. Desde esa fecha, se identificaron otros focos de contagio de Tiquipaya y Cliza.<\/p>\n<p style=\"text-align: justify;\">Ya son 15 focos de contagio: seis en granjas comerciales y nueve en aves de traspatio. La cantidad de aves que se tuvo que sacrificar \u201csupera las 200.000\u201d, indic\u00f3 Calvi.<\/p>\n<p style=\"text-align: justify;\">El director General Ejecutivo del Senasag, Javier Su\u00e1rez, inform\u00f3 que se tiene previsto una vacunaci\u00f3n sistem\u00e1tica en todo el territorio nacional, como un mecanismo de prevenci\u00f3n para la disminuci\u00f3n de la mortandad en aves por contagio del virus de la gripe aviar.<\/p>\n<p style=\"text-align: justify;\">La prohibici\u00f3n de venta de aves vivas no afectar\u00e1 el normal abastecimiento de este alimento a las familias. \u201cLa producci\u00f3n cochabambina garantiza que va a llegar a los centros de abastecimiento con carne de pollo y huevo comercial totalmente inocuos\u201d, subray\u00f3 Calvis<\/p>\n<p style=\"text-align: justify;\">La presencia de la gripe aviar activ\u00f3 un plan de contingencia y acciones interministeriales que cuentan con la asistencia t\u00e9cnica de la Organizaci\u00f3n de las Naciones Unidas para la Alimentaci\u00f3n y la Agricultura (FAO).<\/p>\n","protected":false},"excerpt":{"rendered":"<p>Prohibida por dos semanas est\u00e1 la venta de aves vivas en los mercados de Cochabamba. La decisi\u00f3n responde a un instructivo del Servicio Nacional de Sanidad Agropecuaria e Inocuidad Alimentaria (Senasag). La medida preventiva se enmarca en los esfuerzos del Estado por contener y eliminar la gripe aviar.\u200b El Senasag aprob\u00f3 la Resoluci\u00f3n Administrativa 025\/2023, [&hellip;]<\/p>\n","protected":false},"author":4,"featured_media":43889,"comment_status":"open","ping_status":"open","sticky":false,"template":"","format":"standard","meta":{"footnotes":""},"categories":[52],"tags":[],"class_list":{"0":"post-43888","1":"post","2":"type-post","3":"status-publish","4":"format-standard","5":"has-post-thumbnail","7":"category-alimentos-agroindustria"},"_links":{"self":[{"href":"https:\/\/jms.com.bo\/mediamonitor\/wp-json\/wp\/v2\/posts\/43888","targetHints":{"allow":["GET"]}}],"collection":[{"href":"https:\/\/jms.com.bo\/mediamonitor\/wp-json\/wp\/v2\/posts"}],"about":[{"href":"https:\/\/jms.com.bo\/mediamonitor\/wp-json\/wp\/v2\/types\/post"}],"author":[{"embeddable":true,"href":"https:\/\/jms.com.bo\/mediamonitor\/wp-json\/wp\/v2\/users\/4"}],"replies":[{"embeddable":true,"href":"https:\/\/jms.com.bo\/mediamonitor\/wp-json\/wp\/v2\/comments?post=43888"}],"version-history":[{"count":0,"href":"https:\/\/jms.com.bo\/mediamonitor\/wp-json\/wp\/v2\/posts\/43888\/revisions"}],"wp:featuredmedia":[{"embeddable":true,"href":"https:\/\/jms.com.bo\/mediamonitor\/wp-json\/wp\/v2\/media\/43889"}],"wp:attachment":[{"href":"https:\/\/jms.com.bo\/mediamonitor\/wp-json\/wp\/v2\/media?parent=43888"}],"wp:term":[{"taxonomy":"category","embeddable":true,"href":"https:\/\/jms.com.bo\/mediamonitor\/wp-json\/wp\/v2\/categories?post=43888"},{"taxonomy":"post_tag","embeddable":true,"href":"https:\/\/jms.com.bo\/mediamonitor\/wp-json\/wp\/v2\/tags?post=43888"}],"curies":[{"name":"wp","href":"https:\/\/api.w.org\/{rel}","templated":true}]}}