{"id":43890,"date":"2023-02-13T06:50:28","date_gmt":"2023-02-13T10:50:28","guid":{"rendered":"https:\/\/jms.com.bo\/mediamonitor\/2023\/02\/13\/educacion-esta-dispuesta-a-dialogar-con-el-magisterio-pero-sobre-la-base-de-propuestas\/"},"modified":"2023-02-13T06:50:28","modified_gmt":"2023-02-13T10:50:28","slug":"educacion-esta-dispuesta-a-dialogar-con-el-magisterio-pero-sobre-la-base-de-propuestas","status":"publish","type":"post","link":"https:\/\/jms.com.bo\/mediamonitor\/2023\/02\/13\/educacion-esta-dispuesta-a-dialogar-con-el-magisterio-pero-sobre-la-base-de-propuestas\/","title":{"rendered":"Educaci\u00f3n est\u00e1 dispuesta a dialogar con el magisterio pero sobre la base de propuestas"},"content":{"rendered":"<p style=\"text-align: justify;\">El Ministerio de Educaci\u00f3n est\u00e1 dispuesto a instalar una mesa de di\u00e1logo con la dirigencia del magisterio boliviano sobre la nueva malla curricular, pero a partir de propuestas, inform\u00f3 este domingo el viceministro de Educaci\u00f3n Regular, Bartolom\u00e9 Puma.<\/p>\n<p style=\"text-align: justify;\">No obstante, asegur\u00f3 que los maestros de base, estudiantes y padres de familia respaldan los nuevos contenidos curriculares y una muestra es que a la fecha m\u00e1s de 150.000 maestros participaron en talleres de actualizaci\u00f3n de la malla 2023.<\/p>\n<p style=\"text-align: justify;\">El viceministro asegur\u00f3 que de las movilizaciones de maestros contra el curr\u00edculos educativo de la semana pasada no partciparon ni al 1% del conjunto de maestros.<\/p>\n<p style=\"text-align: justify;\">\u00abCuantificando, a nivel nacional, salieron a las movilizaciones aproximadamente 2 mil maestros; en todo nuestro Estado Plurinacional somos algo m\u00e1s de150.000 maestras y maestros y unos 20.000 administrativos, lo que significa que sali\u00f3 a movilizarse el 0.0001% de los colegas maestros\u00bb, asegur\u00f3 Puma en conferencia de prensa.<\/p>\n<p style=\"text-align: justify;\">Sin embargo, el Ministerio de Educaci\u00f3n est\u00e1 llano a dialogar\u00bb.<\/p>\n<p style=\"text-align: justify;\">\u00abSolamente a trav\u00e9s del di\u00e1logo podemos llegar a conclusiones positivas (&#8230;) as\u00ed que vamos con propuestas a la mesa para dialogar\u00bb, subray\u00f3 Puma.<\/p>\n<p style=\"text-align: justify;\">Seg\u00fan el viceministro de Educaci\u00f3n Regular, en las unidades educativas los padres de familia, estudiantes y maestros apoyan la nueva malla curricular y aguardan con expectativa su desarrollo en esta gesti\u00f3n.<\/p>\n<p style=\"text-align: justify;\">\u00abLa malla curricular es bien recibida por los estudiantes, los padres de familia, maestros, que est\u00e1n conformes porque beneficia a los m\u00e1s de tres millones de estudiantes del territorio nacional\u00bb, afirm\u00f3 Puma.<\/p>\n<p style=\"text-align: justify;\">Se\u00f1al\u00f3 que en los \u00faltimos d\u00edas sostuvo reuniones con la Junta de padres de familia a nivel nacional, as\u00ed como con las juntas escolares de varias regiones, en las que manifestaron su inter\u00e9s por el desarrollo de los nuevos contenidos del curr\u00edculo educativo, que incluyen ajedrez, rob\u00f3tica, lengua extranjera, entre otros.<\/p>\n<p style=\"text-align: justify;\">\u201c\u00bfQui\u00e9n no quiere que sus hijos pasen ajedrez, ingl\u00e9s, rob\u00f3tica en el nivel primaria?, necesitan estos contenidos porque ayuda a la imaginaci\u00f3n, a la creatividad, al desarrollo de la capacidad intelectual, del razonamiento l\u00f3gico matem\u00e1tico\u201d, dijo.<\/p>\n<p style=\"text-align: justify;\">Resalt\u00f3 tambi\u00e9n que aprender la lengua originaria define la identidad nacional, en tanto que la lengua extranjera es fundamental para optar a becas y seguir estudios en el exterior.<\/p>\n<p style=\"text-align: justify;\">Asimismo, se\u00f1al\u00f3 que los contenidos de ajedrez y rob\u00f3tica ya se impart\u00edan en las unidades educativas y pruebas son las competencias que se desarrollan y en las que participan los estudiantes con mucho \u00e9xito.<\/p>\n<p style=\"text-align: justify;\">Record\u00f3 que el equipo boliviano que particip\u00f3 en la competencia mundial First Global Challenge, que se llev\u00f3 a cabo en Ginebra (Suiza), en octubre del 2022, qued\u00f3 en el cuarto lugar entre 180 pa\u00edses.<\/p>\n<p style=\"text-align: justify;\">Aclar\u00f3 que los nuevos contenidos en la curr\u00edcula educativa, no representan una carga horaria adicional ni el incremento de nuevas materias.<\/p>\n<p style=\"text-align: justify;\">\u201cEs una actualizaci\u00f3n a los contenidos program\u00e1ticos\u201d, insisti\u00f3.<\/p>\n<p style=\"text-align: justify;\">A la fecha son m\u00e1s de 150.000 maestros que se capacitaron en la actualizaci\u00f3n de los contenidos para la gesti\u00f3n educativa 2023, proceso que continuar\u00e1 a largo de esta gesti\u00f3n.<\/p>\n<p style=\"text-align: justify;\">Para este proceso y apoyo de los maestros se prepararon cuadernillos resumidos sobre los nuevos contenidos.<\/p>\n","protected":false},"excerpt":{"rendered":"<p>El Ministerio de Educaci\u00f3n est\u00e1 dispuesto a instalar una mesa de di\u00e1logo con la dirigencia del magisterio boliviano sobre la nueva malla curricular, pero a partir de propuestas, inform\u00f3 este domingo el viceministro de Educaci\u00f3n Regular, Bartolom\u00e9 Puma. No obstante, asegur\u00f3 que los maestros de base, estudiantes y padres de familia respaldan los nuevos contenidos [&hellip;]<\/p>\n","protected":false},"author":4,"featured_media":43891,"comment_status":"open","ping_status":"open","sticky":false,"template":"","format":"standard","meta":{"footnotes":""},"categories":[49],"tags":[],"class_list":{"0":"post-43890","1":"post","2":"type-post","3":"status-publish","4":"format-standard","5":"has-post-thumbnail","7":"category-social"},"_links":{"self":[{"href":"https:\/\/jms.com.bo\/mediamonitor\/wp-json\/wp\/v2\/posts\/43890","targetHints":{"allow":["GET"]}}],"collection":[{"href":"https:\/\/jms.com.bo\/mediamonitor\/wp-json\/wp\/v2\/posts"}],"about":[{"href":"https:\/\/jms.com.bo\/mediamonitor\/wp-json\/wp\/v2\/types\/post"}],"author":[{"embeddable":true,"href":"https:\/\/jms.com.bo\/mediamonitor\/wp-json\/wp\/v2\/users\/4"}],"replies":[{"embeddable":true,"href":"https:\/\/jms.com.bo\/mediamonitor\/wp-json\/wp\/v2\/comments?post=43890"}],"version-history":[{"count":0,"href":"https:\/\/jms.com.bo\/mediamonitor\/wp-json\/wp\/v2\/posts\/43890\/revisions"}],"wp:featuredmedia":[{"embeddable":true,"href":"https:\/\/jms.com.bo\/mediamonitor\/wp-json\/wp\/v2\/media\/43891"}],"wp:attachment":[{"href":"https:\/\/jms.com.bo\/mediamonitor\/wp-json\/wp\/v2\/media?parent=43890"}],"wp:term":[{"taxonomy":"category","embeddable":true,"href":"https:\/\/jms.com.bo\/mediamonitor\/wp-json\/wp\/v2\/categories?post=43890"},{"taxonomy":"post_tag","embeddable":true,"href":"https:\/\/jms.com.bo\/mediamonitor\/wp-json\/wp\/v2\/tags?post=43890"}],"curies":[{"name":"wp","href":"https:\/\/api.w.org\/{rel}","templated":true}]}}