{"id":43894,"date":"2023-02-13T06:52:40","date_gmt":"2023-02-13T10:52:40","guid":{"rendered":"https:\/\/jms.com.bo\/mediamonitor\/2023\/02\/13\/mineros-de-oruro-bloquean-para-continuar-su-trabajo-en-el-cerro-san-pedro\/"},"modified":"2023-02-13T06:52:40","modified_gmt":"2023-02-13T10:52:40","slug":"mineros-de-oruro-bloquean-para-continuar-su-trabajo-en-el-cerro-san-pedro","status":"publish","type":"post","link":"https:\/\/jms.com.bo\/mediamonitor\/2023\/02\/13\/mineros-de-oruro-bloquean-para-continuar-su-trabajo-en-el-cerro-san-pedro\/","title":{"rendered":"Mineros de Oruro bloquean para continuar su trabajo en el cerro San Pedro"},"content":{"rendered":"<p style=\"text-align: justify;\">Mineros de la Cooperativa Luminosa bloquearon ayer la plaza principal de la ciudad de Oruro exigiendo que se les permita trabajar en el cerro San Pedro, considerado un patrimonio de este municipio.<\/p>\n<p style=\"text-align: justify;\">\u201cAyer (el jueves) en la tarde fuimos notificados a trav\u00e9s de la Alcald\u00eda que nos cerraban nuestras \u00e1reas de trabajo por una acci\u00f3n popular. Por ello estamos movilizados y se sumar\u00e1n nuestros compa\u00f1eros cooperativistas\u201d, manifest\u00f3 a trav\u00e9s de redes sociales el presidente de la Cooperativa Luminosa, Benjam\u00edn Alejo Rocha.<\/p>\n<p style=\"text-align: justify;\">El bloqueo en la plaza empa\u00f1\u00f3 las celebraciones por la gesta libertaria de Oruro que se llevaban a cabo ayer.<\/p>\n<p style=\"text-align: justify;\">Los mineros movilizados anunciaron que, de no tener una respuesta positiva a su demanda ,comenzar\u00e1n con el bloqueo de caminos, una advertencia que ya hab\u00eda realizado a mediados de enero el dirigente de la Federaci\u00f3n de Cooperativas Mineras de Oruro, Roberto Escobar, ya que ven lo ocurrido como un peligroso antecedente para su sector.<\/p>\n<p style=\"text-align: justify;\">Desde la Alcald\u00eda de Oruro, se promovi\u00f3 una acci\u00f3n popular para paralizar la miner\u00eda en el cerro San Pedro, el cual ha sido considerablemente afectado por esta actividad econ\u00f3mica en una situaci\u00f3n similar a la que ocurre en Potos\u00ed con el Cerro Rico.<\/p>\n<p style=\"text-align: justify;\">\n","protected":false},"excerpt":{"rendered":"<p>Mineros de la Cooperativa Luminosa bloquearon ayer la plaza principal de la ciudad de Oruro exigiendo que se les permita trabajar en el cerro San Pedro, considerado un patrimonio de este municipio. \u201cAyer (el jueves) en la tarde fuimos notificados a trav\u00e9s de la Alcald\u00eda que nos cerraban nuestras \u00e1reas de trabajo por una acci\u00f3n [&hellip;]<\/p>\n","protected":false},"author":4,"featured_media":43895,"comment_status":"open","ping_status":"open","sticky":false,"template":"","format":"standard","meta":{"footnotes":""},"categories":[49],"tags":[],"class_list":{"0":"post-43894","1":"post","2":"type-post","3":"status-publish","4":"format-standard","5":"has-post-thumbnail","7":"category-social"},"_links":{"self":[{"href":"https:\/\/jms.com.bo\/mediamonitor\/wp-json\/wp\/v2\/posts\/43894","targetHints":{"allow":["GET"]}}],"collection":[{"href":"https:\/\/jms.com.bo\/mediamonitor\/wp-json\/wp\/v2\/posts"}],"about":[{"href":"https:\/\/jms.com.bo\/mediamonitor\/wp-json\/wp\/v2\/types\/post"}],"author":[{"embeddable":true,"href":"https:\/\/jms.com.bo\/mediamonitor\/wp-json\/wp\/v2\/users\/4"}],"replies":[{"embeddable":true,"href":"https:\/\/jms.com.bo\/mediamonitor\/wp-json\/wp\/v2\/comments?post=43894"}],"version-history":[{"count":0,"href":"https:\/\/jms.com.bo\/mediamonitor\/wp-json\/wp\/v2\/posts\/43894\/revisions"}],"wp:featuredmedia":[{"embeddable":true,"href":"https:\/\/jms.com.bo\/mediamonitor\/wp-json\/wp\/v2\/media\/43895"}],"wp:attachment":[{"href":"https:\/\/jms.com.bo\/mediamonitor\/wp-json\/wp\/v2\/media?parent=43894"}],"wp:term":[{"taxonomy":"category","embeddable":true,"href":"https:\/\/jms.com.bo\/mediamonitor\/wp-json\/wp\/v2\/categories?post=43894"},{"taxonomy":"post_tag","embeddable":true,"href":"https:\/\/jms.com.bo\/mediamonitor\/wp-json\/wp\/v2\/tags?post=43894"}],"curies":[{"name":"wp","href":"https:\/\/api.w.org\/{rel}","templated":true}]}}